{"id":293828,"date":"2005-01-22T23:00:00","date_gmt":"2005-01-22T22:00:00","guid":{"rendered":"https:\/\/www.focolare.org\/ecumenismo-de-la-vida-una-red-de-fraternidad-entre-obispos-y-sacerdotes-de-varias-iglesias\/"},"modified":"2024-05-13T20:47:32","modified_gmt":"2024-05-13T18:47:32","slug":"ecumenismo-de-la-vida-una-red-de-fraternidad-entre-obispos-y-sacerdotes-de-varias-iglesias","status":"publish","type":"post","link":"https:\/\/www.focolare.org\/es\/ecumenismo-de-la-vida-una-red-de-fraternidad-entre-obispos-y-sacerdotes-de-varias-iglesias\/","title":{"rendered":"Ecumenismo de la vida: una red de fraternidad entre obispos y sacerdotes de varias Iglesias"},"content":{"rendered":"<p>Soy p\u00e1rroco cat\u00f3lico en una ciudad de 90.000 habitantes de Rumania, donde la historia ha creado un mosaico de siete nacionalidades y diversas Iglesias. Cuando hace 16 a\u00f1os llegu\u00e9 a ese lugar, me propuse amar a todos, pero en modo especial a los ministros de las otras Iglesias. De hecho, estaba convencido de que todos est\u00e1bamos all\u00ed por una sola cosa: dar testimonio de Dios a la gente. En un principio los contactos eran espor\u00e1dicos, con ocasi\u00f3n de alg\u00fan funeral u otras ocasiones. Trataba de aprovechar estas ocasiones para construir relaciones m\u00e1s profundas, interes\u00e1ndome de la vida de los otros ministros y de los problemas que encontraban en la pastoral. As\u00ed nacieron espont\u00e1neamente las primeras iniciativas. Un d\u00eda, por ejemplo, le ped\u00ed a un sacerdote ortodoxo que le hablara a mis j\u00f3venes. Seguidamente tambi\u00e9n \u00e9l me invit\u00f3.  En 1992 naci\u00f3 la idea de establecer un d\u00eda a la semana, en el cual, seg\u00fan las posibilidades, nos encontrar\u00edamos todos los sacerdotes y pastores de la ciudad. Despu\u00e9s de 10 a\u00f1os somos ya 30 sacerdotes y pastores, con dos obispos. <strong>Nuestro grupo \u2013compuesto por sacerdotes ortodoxos rumanos y serbos, cat\u00f3licos de rito lat\u00edn y griego, reformados h\u00fangaros, evang\u00e9licos alemanes y h\u00fangaros, eslovacos, ucranianos y croatas- se ha convertido en un peque\u00f1o laboratorio ecum\u00e9nico.<\/strong> Viviendo juntos el Evangelio, tratamos de hacer crecer entre nosotros relaciones de amor rec\u00edproco. Nos inspira, nos anima la promesa de Jes\u00fas: \u201cDonde dos o m\u00e1s est\u00e1n unidos en mi nombre\u201d.  De estos encuentros <strong>han surgido las \u201cjornadas ecum\u00e9nicas\u201d que tienen lugar cada a\u00f1o en la \u201cSemana de oraci\u00f3n por la unidad de los cristianos\u201d. <\/strong>En estos d\u00edas es una alegr\u00eda intercambiarnos dones de las diversas tradiciones con cantos y oraciones que desarrollamos en todas las iglesias de la ciudad, haciendo, con nuestros fieles, una especie de peregrinaci\u00f3n de una iglesia a otra.  Hace alg\u00fan tiempo, <strong>logramos identificar dos santos patronos para nuestra ciudad que pudieran ser aceptados por todas las Iglesias: los santos Pedro y Pablo. <\/strong>Este aniversario ha sido acogido tambi\u00e9n por las autoridades civiles. As\u00ed, el 29 de junio se ha convertido en la fiesta m\u00e1s bella de la ciudad, con la participaci\u00f3n de una multitud de personas, y es para todos un s\u00edmbolo de unidad.  Algunas veces tambi\u00e9n hay dificultades. Un a\u00f1o, precisamente mientras nos prepar\u00e1bamos a la ceremonia ecum\u00e9nica, en la sacrist\u00eda se verific\u00f3 una discusi\u00f3n bastante \u00e1spera entre uno de los sacerdotes ortodoxos y el sacerdote greco-cat\u00f3lico. Pens\u00e9: \u201cAhora todo el trabajo de estos a\u00f1os se derrumbar\u00e1 el ecumenismo ir\u00e1 para atr\u00e1s\u201d. No pod\u00eda hacer otra cosa que confiar esta situaci\u00f3n a Dios. Despu\u00e9s de tres d\u00edas, en el encuentro en otra iglesia, el sacerdote que hab\u00eda ofendido al otro, <strong>le pidi\u00f3 disculpas p\u00fablicamente, por haber sido un impedimento en el camino de la unidad.<\/strong>  Otra vez un fiel me dijo que una persona de otra Iglesia hablaba mal de mi. Me puse a rezar, seguro de que Jes\u00fas habr\u00eda resuelto tambi\u00e9n esta cosa. Despu\u00e9s llam\u00e9 por tel\u00e9fono a esta persona que conoc\u00eda y le ped\u00ed que me dijera si ten\u00eda alguna dificultad hacia m\u00ed. Bast\u00f3 este peque\u00f1o paso para volvernos a acercar.  Un sacerdote que se encontraba en dificultad, sinti\u00e9ndose solo y aislado, en estos encuentros encontr\u00f3 un nuevo impulso. Un pastor evang\u00e9lico hab\u00eda sido injustamente denunciado ante sus superiores; entonces todos juntos escribimos a su Obispo, para informarlo sobre la verdadera realidad de las cosas. Despu\u00e9s, cada vez que nos encontramos, rezamos juntos por los problemas pastorales en esta \u00e9poca de transici\u00f3n.<\/p>\n","protected":false},"excerpt":{"rendered":"<p>Testimonios<\/p>\n","protected":false},"author":34,"featured_media":0,"comment_status":"open","ping_status":"open","sticky":false,"template":"","format":"standard","meta":{"give_campaign_id":0,"_seopress_robots_primary_cat":"","_seopress_titles_title":"","_seopress_titles_desc":"","_seopress_robots_index":"","_et_pb_use_builder":"","_et_pb_old_content":"","_et_gb_content_width":"","footnotes":""},"categories":[904],"tags":[],"class_list":["post-293828","post","type-post","status-publish","format-standard","hentry","category-focolare-worldwide-2-2"],"_links":{"self":[{"href":"https:\/\/www.focolare.org\/es\/wp-json\/wp\/v2\/posts\/293828","targetHints":{"allow":["GET"]}}],"collection":[{"href":"https:\/\/www.focolare.org\/es\/wp-json\/wp\/v2\/posts"}],"about":[{"href":"https:\/\/www.focolare.org\/es\/wp-json\/wp\/v2\/types\/post"}],"author":[{"embeddable":true,"href":"https:\/\/www.focolare.org\/es\/wp-json\/wp\/v2\/users\/34"}],"replies":[{"embeddable":true,"href":"https:\/\/www.focolare.org\/es\/wp-json\/wp\/v2\/comments?post=293828"}],"version-history":[{"count":0,"href":"https:\/\/www.focolare.org\/es\/wp-json\/wp\/v2\/posts\/293828\/revisions"}],"wp:attachment":[{"href":"https:\/\/www.focolare.org\/es\/wp-json\/wp\/v2\/media?parent=293828"}],"wp:term":[{"taxonomy":"category","embeddable":true,"href":"https:\/\/www.focolare.org\/es\/wp-json\/wp\/v2\/categories?post=293828"},{"taxonomy":"post_tag","embeddable":true,"href":"https:\/\/www.focolare.org\/es\/wp-json\/wp\/v2\/tags?post=293828"}],"curies":[{"name":"wp","href":"https:\/\/api.w.org\/{rel}","templated":true}]}}