{"id":293856,"date":"2005-02-09T23:00:00","date_gmt":"2005-02-09T22:00:00","guid":{"rendered":"https:\/\/www.focolare.org\/fontem-camerun-laboratorio-de-relaciones-una-lectura-sociologica\/"},"modified":"2024-05-13T20:47:46","modified_gmt":"2024-05-13T18:47:46","slug":"fontem-camerun-laboratorio-de-relaciones-una-lectura-sociologica","status":"publish","type":"post","link":"https:\/\/www.focolare.org\/es\/fontem-camerun-laboratorio-de-relaciones-una-lectura-sociologica\/","title":{"rendered":"Fontem-Camer\u00fan \u2013 Laboratorio de relaciones: una lectura sociol\u00f3gica"},"content":{"rendered":"<p>&nbsp;  &nbsp; <\/p>\n<p style=\"text-align: center\" align=\"justify\"><em>Fontem \u2013 Camer\u00fan: Laboratorio de relaciones<\/em><\/p>\n<p>  <em><\/em> Una lectura sociol\u00f3gica de la evoluci\u00f3n pol\u00edtica, antropol\u00f3gica y espiritual del pueblo Bangwa: desde en riesgo de extinci\u00f3n hasta llegar a ser modelo de desarrollo  Presentaci\u00f3n de la primera traducci\u00f3n italiana del cl\u00e1sico <em><strong>\u201cThe ways and power of love\u201d<\/strong><\/em><strong><\/strong> de <strong>Pitirim Sorokin<\/strong> editado por Citt\u00e0 Nuova  Castelgandolfo (Roma) <strong>12 febrero de 2004<\/strong>    <strong>\u00c1frica \u2013 Una experiencia de 40 a\u00f1os en el coraz\u00f3n de la selva de Camer\u00fan es el objeto de un singular an\u00e1lisis sociol\u00f3gico<\/strong> que ser\u00e1 presentado el 12 de febrero de 2005, en el 1\ufffd Congreso Internacional promovido por Social-One, expresi\u00f3n en el campo sociol\u00f3gico del Movimiento de los Focolares. Ser\u00e1 \u00e9ste uno de los momentos m\u00e1s significativos del Congreso \u2013que tendr\u00e1 lugar en el Centro Mari\u00e1polis de Castelgandolfo, del 11 al 13 de febrero- centrado en el tema: <em><strong>\u201cRelaciones sociales y fraternidad: \ufffdparadoja o modelo sostenible? Una perspectiva a partir de las Ciencias Sociales\u201d<\/strong><\/em><strong><\/strong>  <strong>El estudio analiza, en el campo pol\u00edtico, antropol\u00f3gico y espiritual la evoluci\u00f3n de una poblaci\u00f3n africana,<\/strong> los Bangwa, que han ido desde el riesgo de extinci\u00f3n hasta el actual desarrollo ocurrido bajo la influencia del encuentro con un carisma moderno, el Carisma de la Unidad, llevado por m\u00e9dicos, profesores y j\u00f3venes focolarinos europeos llegados a Fontem, ya desde los a\u00f1os Sesenta, para socorrer a ese pueblo. El estudio sociol\u00f3gico analiza tambi\u00e9n la influencia de este encuentro en los europeos.  El estudio ser\u00e1 introducido por el soci\u00f3logo belga Prof. Bennie Callebaut y desarrollado por estudiosos originarios del pueblo Bangwa como el Prof. Martin N. Nkafu, docente de Filosof\u00eda de las Culturas en la Pontificia Universidad Urbaniana y Lateranense de Roma y otros docentes universitarios, ahora residentes en Estados Unidos y Gran Breta\u00f1a. No faltar\u00e1 el testimonio de los primeros focolarinos llegados a Fontem como el Dr. Lucio Dal Soglio, y de los que all\u00ed trabajan actualmente. Est\u00e1 programada para la noche una fiesta africana, en la que participar\u00e1n tambi\u00e9n j\u00f3venes africanos de Kenia, Tanzania, Madagascar, Angola, Sud\u00e1frica, Uganda, Congo y, naturalmente de Camer\u00fan.  <strong>De relieve tambi\u00e9n la presentaci\u00f3n de la primera traducci\u00f3n italiana a cargo de Citt\u00e0 Nuova, de un cl\u00e1sico de la Sociolog\u00eda: <em>\u201cThe ways and power of love\u201d<\/em><\/strong> de Pitirim Sorokin, gran soci\u00f3logo ruso, emigrado a Estados Unidos, que analiza las causas y efectos, el significado humano y universal de las potencialidades creativas y terap\u00e9uticas del amor desinteresado. Intervendr\u00e1n soci\u00f3logos de alto nivel, como el Prof. Raffaele Rauty, especializado en Sociolog\u00eda Americana, Arturo Parisi, de la Universidad de Bolonia, y Michele Colasanto, Director de la Facultad de Sociolog\u00eda de la Universidad Cat\u00f3lica de Mil\u00e1n.  <strong>El Congreso se inaugurar\u00e1 con un mensaje de Chiara Lubich. <\/strong>Despu\u00e9s tendr\u00e1 lugar la presentaci\u00f3n del tema<em><strong> \u201cRetos de una sociedad compleja y globalizada\u201d,<\/strong><\/em><strong><\/strong> presentado por el Prof. Vincenzo Zani, seguir\u00e1n reflexiones metodol\u00f3gicas sobre algunas historias de vida que ser\u00e1n presentadas por un trabajador social argentino del Ministerio de Pol\u00edticas Sociales; por el Centro Internacional Cultural Interreligioso La Pira, de Florencia; por una comunidad terap\u00e9utica italiana para ex-t\u00f3xicodependientes; por el Centro Internacional para la Familia, de la ciudadela de Loppiano (Incisa Valdarno-Florencia).  El s\u00e1bado en la ma\u00f1ana, la soci\u00f3loga brasile\u00f1a <em><strong>Vera Araujo <\/strong><\/em><strong><\/strong>presentar\u00e1 el tema central del Congreso: <em><strong>\u201cRelaciones sociales y fraternidad: \ufffdparadoja o modelo sostenible?\u201d.<\/strong><\/em>  <strong>La actualidad del tema \u201crelaciones sociales\u201d \u2013<\/strong> El creciente inter\u00e9s en la dimensi\u00f3n relacional y los retos de la globalizaci\u00f3n solicitan la comprensi\u00f3n de relaciones complejas y m\u00faltiples en el mundo contempor\u00e1neo. Aumenta entre los cient\u00edficos sociales la exigencia de una maduraci\u00f3n te\u00f3rica de su disciplina. Muy difundida la exigencia de nuevos modelos, de nuevas estrategias de investigaci\u00f3n, de nuevos esquemas de aplicaci\u00f3n para analizar no s\u00f3lo la realidad conflictiva, sino tambi\u00e9n los nuevos fen\u00f3menos positivos y constructivos.  <strong>Objetivo del Congreso <\/strong>\u2013 A partir de la confrontaci\u00f3n y del di\u00e1logo sobre los estudios y las conclusiones a las que han llegado, hasta ahora, las Ciencias Sociales, el Congreso intentar\u00e1 identificar perspectivas para el futuro, proponiendo <em><strong>la fraternidad como categor\u00eda conceptual sobre la cual fundar un nuevo paradigma cient\u00edfico.<\/strong><\/em><strong><\/strong>  <strong>La propuesta de \u201cSocial One\u201d<\/strong> &#8211; Es precisamente en esta direcci\u00f3n que se han comprometido los cient\u00edficos sociales que adhieren a \u201cSocial One\u201d, compuesto por, soci\u00f3logos, trabajadores y expertos en servicios sociales de los 5 continentes. A trav\u00e9s de una din\u00e1mica de di\u00e1logo, se ha empezado a pescar en el patrimonio vital y cultural que caracteriza la experiencia de fraternidad universal propuesta por Chiara Lubich y por el Movimiento de los Focolares, por ella fundado. De \u00e9l est\u00e1n surgiendo ideas, orientaciones y elementos de investigaci\u00f3n, claves de lectura, de interpretaci\u00f3n de la realidad y de la intervenci\u00f3n social que ponen en evidencia nuevas perspectivas en los contenidos y en el modo de pensar, analizar, comprender y obrar.  Para ulteriores informaciones: Servicio de Informaci\u00f3n Focolares \u2013 Carla Cotignoli \u2013 tel. 06.947989 &#8211; 348.856.33.47 sito web: www.focolare.org  &nbsp;  <img loading=\"lazy\" decoding=\"async\" src=\"http:\/\/10.0.0.128\/2010focolare\/img\/x.gif\" alt=\"\" width=\"100\" height=\"5\" border=\"0\" \/><\/p>\n","protected":false},"excerpt":{"rendered":"<p>Sociologia<\/p>\n","protected":false},"author":34,"featured_media":0,"comment_status":"open","ping_status":"open","sticky":false,"template":"","format":"standard","meta":{"give_campaign_id":0,"_seopress_robots_primary_cat":"","_seopress_titles_title":"","_seopress_titles_desc":"","_seopress_robots_index":"","_et_pb_use_builder":"","_et_pb_old_content":"","_et_gb_content_width":"","footnotes":""},"categories":[46],"tags":[],"class_list":["post-293856","post","type-post","status-publish","format-standard","hentry","category-sin-categorizar"],"_links":{"self":[{"href":"https:\/\/www.focolare.org\/es\/wp-json\/wp\/v2\/posts\/293856","targetHints":{"allow":["GET"]}}],"collection":[{"href":"https:\/\/www.focolare.org\/es\/wp-json\/wp\/v2\/posts"}],"about":[{"href":"https:\/\/www.focolare.org\/es\/wp-json\/wp\/v2\/types\/post"}],"author":[{"embeddable":true,"href":"https:\/\/www.focolare.org\/es\/wp-json\/wp\/v2\/users\/34"}],"replies":[{"embeddable":true,"href":"https:\/\/www.focolare.org\/es\/wp-json\/wp\/v2\/comments?post=293856"}],"version-history":[{"count":0,"href":"https:\/\/www.focolare.org\/es\/wp-json\/wp\/v2\/posts\/293856\/revisions"}],"wp:attachment":[{"href":"https:\/\/www.focolare.org\/es\/wp-json\/wp\/v2\/media?parent=293856"}],"wp:term":[{"taxonomy":"category","embeddable":true,"href":"https:\/\/www.focolare.org\/es\/wp-json\/wp\/v2\/categories?post=293856"},{"taxonomy":"post_tag","embeddable":true,"href":"https:\/\/www.focolare.org\/es\/wp-json\/wp\/v2\/tags?post=293856"}],"curies":[{"name":"wp","href":"https:\/\/api.w.org\/{rel}","templated":true}]}}