{"id":293862,"date":"2005-02-12T23:00:00","date_gmt":"2005-02-12T22:00:00","guid":{"rendered":"https:\/\/www.focolare.org\/relaciones-sociales-y-fraternidad-%ef%bf%bdparadoja-o-modelo-sostenible-una-perspectiva-a-partir-de-las-ciencias-sociales\/"},"modified":"2024-05-13T20:47:46","modified_gmt":"2024-05-13T18:47:46","slug":"relaciones-sociales-y-fraternidad-%ef%bf%bdparadoja-o-modelo-sostenible-una-perspectiva-a-partir-de-las-ciencias-sociales","status":"publish","type":"post","link":"https:\/\/www.focolare.org\/es\/relaciones-sociales-y-fraternidad-%ef%bf%bdparadoja-o-modelo-sostenible-una-perspectiva-a-partir-de-las-ciencias-sociales\/","title":{"rendered":"Relaciones sociales y fraternidad: \ufffdparadoja o modelo sostenible? Una perspectiva a partir de las Ciencias Sociales"},"content":{"rendered":"<p>\u00a0<img decoding=\"async\" src=\"http:\/\/10.0.0.128\/2010focolare\/layout\/foto2005\/20050302b.jpg\" alt=\"\" align=\"right\" border=\"0\" hspace=\"8\" \/>En este per\u00edodo de cambios radicales, ha emergido en el congreso, por parte de m\u00e1s de uno, la urgencia de <strong>enfocar la atenci\u00f3n no s\u00f3lo en las relaciones sociales contradictorias y conflictivas, sino tambi\u00e9n en las \u201crelaciones de concordia y de comuni\u00f3n\u201d<\/strong> en acto en la compleja sociedad de hoy. Lo puso en evidencia Chiara Lubich quien, en su mensaje, indic\u00f3 en la \u2018fraternidad\u2019 \u00abun principio espiritual que es al mismo tiempo una categor\u00eda antropol\u00f3gica, sociol\u00f3gica, pol\u00edtica, capaz de desencadenar un proceso de renovaci\u00f3n global de la sociedad\u00bb. La propuesta nace de la experiencia de varias d\u00e9cadas, sea a nivel personal que en el plano de instituciones pol\u00edticas y estructuras econ\u00f3micas.<\/p>\n<p><strong>La caracter\u00edstica del congreso fue precisamente el di\u00e1logo, t\u00edpico de la disciplina sociol\u00f3gica, entre teor\u00eda y experiencias realizadas en los m\u00e1s variados contextos culturales y sociales <\/strong>como la del Centro Cultural La Pira de Florencia, abierto a estudiantes extranjeros de varias culturas y religiones; la de una comunidad terap\u00e9utica italiana para ex drogadictos; la del Centro internacional para la familia de la ciudadela de Loppiano (Incisa Valdarno Florencia), adem\u00e1s de la experiencia de integraci\u00f3n, en Fontem, en el coraz\u00f3n de la selva de Camer\u00fan, entre europeos que se encontraban por primera vez con la cultura africana, y los Bangwa, un pueblo fundamentalmente anclado en sus propias tradiciones.<\/p>\n<p align=\"justify\"><img decoding=\"async\" src=\"http:\/\/10.0.0.128\/2010focolare\/layout\/foto2005\/20050302a.jpg\" alt=\"\" align=\"left\" border=\"0\" hspace=\"8\" \/>De la lectura sociol\u00f3gica de las diversas experiencias, se ponen en evidencia nuevos posibles modelos, nuevos esquemas de aplicaci\u00f3n, como el <strong>\u201cparadigma de la unidad\u201d <\/strong>del que habl\u00f3 el profesor polaco Adam Biela, ex Presidente de la Facultad de Sociolog\u00eda de la Universidad de Lubl\u00edn, ahora senador. Categor\u00eda desarrollada por la soci\u00f3loga brasile\u00f1a Vera Araujo, como <strong>paradigma de unidad-fraternidad,<\/strong> capaz de leer las relaciones de unidad y distinci\u00f3n, de rec\u00edprocidad, don y comuni\u00f3n. Como conclusi\u00f3n del Congreso \u2013como dijo Vera Araujo- surgi\u00f3 \u201cuna\u201d <strong>incipiente comunidad cient\u00edfica<\/strong> que ahora ha asumido estos paradigmas, estas nuevas estrategias de investigaci\u00f3n, para buscar juntos nuevas perspectivas para las Ciencias Sociol\u00f3gicas.<\/p>\n","protected":false},"excerpt":{"rendered":"<p>Sociolog\u00eda<\/p>\n","protected":false},"author":34,"featured_media":0,"comment_status":"open","ping_status":"open","sticky":false,"template":"","format":"standard","meta":{"give_campaign_id":0,"_seopress_robots_primary_cat":"","_seopress_titles_title":"","_seopress_titles_desc":"","_seopress_robots_index":"","_et_pb_use_builder":"","_et_pb_old_content":"","_et_gb_content_width":"","footnotes":""},"categories":[46],"tags":[],"class_list":["post-293862","post","type-post","status-publish","format-standard","hentry","category-sin-categorizar"],"_links":{"self":[{"href":"https:\/\/www.focolare.org\/es\/wp-json\/wp\/v2\/posts\/293862","targetHints":{"allow":["GET"]}}],"collection":[{"href":"https:\/\/www.focolare.org\/es\/wp-json\/wp\/v2\/posts"}],"about":[{"href":"https:\/\/www.focolare.org\/es\/wp-json\/wp\/v2\/types\/post"}],"author":[{"embeddable":true,"href":"https:\/\/www.focolare.org\/es\/wp-json\/wp\/v2\/users\/34"}],"replies":[{"embeddable":true,"href":"https:\/\/www.focolare.org\/es\/wp-json\/wp\/v2\/comments?post=293862"}],"version-history":[{"count":0,"href":"https:\/\/www.focolare.org\/es\/wp-json\/wp\/v2\/posts\/293862\/revisions"}],"wp:attachment":[{"href":"https:\/\/www.focolare.org\/es\/wp-json\/wp\/v2\/media?parent=293862"}],"wp:term":[{"taxonomy":"category","embeddable":true,"href":"https:\/\/www.focolare.org\/es\/wp-json\/wp\/v2\/categories?post=293862"},{"taxonomy":"post_tag","embeddable":true,"href":"https:\/\/www.focolare.org\/es\/wp-json\/wp\/v2\/tags?post=293862"}],"curies":[{"name":"wp","href":"https:\/\/api.w.org\/{rel}","templated":true}]}}