{"id":293886,"date":"2005-03-05T23:00:00","date_gmt":"2005-03-05T22:00:00","guid":{"rendered":"https:\/\/www.focolare.org\/la-oracion-por-el-papa-de-90-obispos-amigos-de-los-focolares\/"},"modified":"2024-05-13T20:47:49","modified_gmt":"2024-05-13T18:47:49","slug":"la-oracion-por-el-papa-de-90-obispos-amigos-de-los-focolares","status":"publish","type":"post","link":"https:\/\/www.focolare.org\/es\/la-oracion-por-el-papa-de-90-obispos-amigos-de-los-focolares\/","title":{"rendered":"La oraci\u00f3n por el Papa de 90 Obispos amigos de los Focolares"},"content":{"rendered":"<p>&nbsp;  <strong>Una solemne concelebraci\u00f3n eucar\u00edstica para invocar la completa recuperaci\u00f3n del Papa<\/strong> fue oficiada por 90 Obispos, amigos de los Focolares, provenientes de 47 pa\u00edses de los 5 continentes, reunidos en Castelgandolfo para su Congreso espiritual anual. La noticia de que el Papa estaba nuevamente internado, que suscit\u00f3 sorpresa y trepidaci\u00f3n, lleg\u00f3 poco antes de la conclusi\u00f3n del encuentro, iniciado el 19 de febrero.  Antes de regresar, los Obispos le enviaron al Santo Padre un mensaje de gratitud, asegur\u00e1ndole sus oraciones por su pronta recuperaci\u00f3n: <em>\u201cUnidos a toda la Iglesia, pedimos por Usted gracias especial\u00edsimas\u201d. Los Obispos expresaron al Papa su profunda gratitud \u201c\ufffdpor el luminoso ejemplo de fe y de amor con el que afronta la nueva prueba y por su ministerio que es todo un don!\u201d.<\/em>  <strong>Una caracter\u00edstica relevante del Congreso ha sido precisamente el intercambio de mensajes con el Papa.<\/strong> Inesperada una carta firmada por \u00e9l, llegada para la inauguraci\u00f3n del encuentro, dirigida al Card. Miloslav Vlk. <em>\u201cRealmente es Usted quien \u2018m\u00e1s ama\u2019 y \u2018confirma a los hermanos\u2019&#8230;\u201d,<\/em> le escribieron como respuesta los Obispos. <\/p>\n<p align=\"justify\"><img decoding=\"async\" src=\"http:\/\/10.0.0.128\/2010focolare\/layout\/foto2005\/20050304c.jpg\" alt=\"\" align=\"right\" border=\"0\" hspace=\"8\" \/><strong>Juan Pablo II, en su mensaje, hab\u00eda dirigido un pensamiento especial a Chiara Lubich,<\/strong> expres\u00e1ndole su reconocimiento por el \u201ctestimonio evang\u00e9lico que el Movimiento ofrece en tantas partes del mundo\u201d. Refiri\u00e9ndose al tema del encuentro, anim\u00f3 a los Obispos a<em><strong> \u201cdar testimonio, en la sociedad de hoy, de la presencia de Cristo resucitado, centro de la Iglesia\u201d <\/strong><\/em>y \u201cprincipio vital\u201d que no puede dejar de suscitar una \u201crenovada vitalidad apost\u00f3lica\u201d y \u201cuna audacia misionera\u201d que respondan a los retos de nuestros tiempos. Invit\u00f3 a los participantes a ser <strong>\u201csignos elocuentes\u201d del amor del Se\u00f1or crucificado y resucitado, presente en el sacramento de la Eucarist\u00eda,<\/strong> y \u201cart\u00edfices de su paz en todo ambiente\u201d.  <strong>Chiara Lubich,<\/strong> en su intervenci\u00f3n le\u00edda por Natalia Dallapiccola, una de sus primeras compa\u00f1eras, subray\u00f3 que <em>\u201cJes\u00fas no es una presencia est\u00e1tica\u201d,<\/em> sino que act\u00faa siendo <em>\u201cPrincipio unificador <\/em>y por lo tanto activo: el amor\u201d. \u201cPero esto \u2013agreg\u00f3- exige la respuesta de cada hombre\u201d. \u201cToda divisi\u00f3n en la comunidad altera la profunda identidad de la Iglesia. <em><strong>Esta es la raz\u00f3n por la que la Iglesia a veces no es amada\u201d. \u201cEs la reciprocidad, la comuni\u00f3n, que hace \u2018visible\u2019 al Se\u00f1or\u201d.<\/strong><\/em>  <strong>Impresionantes los testimonios de los Obispos de varios pa\u00edses:<\/strong> experiencias de fecundidad evangelizadora, de pacificaci\u00f3n entre grupos \u00e9tnicos diversos y entre pol\u00edticos de tierras heridas por los conflictos, como Burundi y Centroam\u00e9rica. No faltaron los testimonios de Obispos, sacerdotes y laicos sobre \u201cla renovada vitalidad apost\u00f3lica\u201d suscitada por la presencia del Resucitado, en el di\u00e1logo ecum\u00e9nico e interreligioso y en el campo pol\u00edtico y social.<\/p>\n","protected":false},"excerpt":{"rendered":"<p>Obispos<\/p>\n","protected":false},"author":34,"featured_media":0,"comment_status":"open","ping_status":"open","sticky":false,"template":"","format":"standard","meta":{"give_campaign_id":0,"_seopress_robots_primary_cat":"","_seopress_titles_title":"","_seopress_titles_desc":"","_seopress_robots_index":"","_et_pb_use_builder":"","_et_pb_old_content":"","_et_gb_content_width":"","footnotes":""},"categories":[46],"tags":[],"class_list":["post-293886","post","type-post","status-publish","format-standard","hentry","category-sin-categorizar"],"_links":{"self":[{"href":"https:\/\/www.focolare.org\/es\/wp-json\/wp\/v2\/posts\/293886","targetHints":{"allow":["GET"]}}],"collection":[{"href":"https:\/\/www.focolare.org\/es\/wp-json\/wp\/v2\/posts"}],"about":[{"href":"https:\/\/www.focolare.org\/es\/wp-json\/wp\/v2\/types\/post"}],"author":[{"embeddable":true,"href":"https:\/\/www.focolare.org\/es\/wp-json\/wp\/v2\/users\/34"}],"replies":[{"embeddable":true,"href":"https:\/\/www.focolare.org\/es\/wp-json\/wp\/v2\/comments?post=293886"}],"version-history":[{"count":0,"href":"https:\/\/www.focolare.org\/es\/wp-json\/wp\/v2\/posts\/293886\/revisions"}],"wp:attachment":[{"href":"https:\/\/www.focolare.org\/es\/wp-json\/wp\/v2\/media?parent=293886"}],"wp:term":[{"taxonomy":"category","embeddable":true,"href":"https:\/\/www.focolare.org\/es\/wp-json\/wp\/v2\/categories?post=293886"},{"taxonomy":"post_tag","embeddable":true,"href":"https:\/\/www.focolare.org\/es\/wp-json\/wp\/v2\/tags?post=293886"}],"curies":[{"name":"wp","href":"https:\/\/api.w.org\/{rel}","templated":true}]}}