{"id":293908,"date":"2005-04-02T22:00:00","date_gmt":"2005-04-02T20:00:00","guid":{"rendered":"https:\/\/www.focolare.org\/conmocion-y-gratitud-por-juan-pablo-ii-de-parte-de-hebreos-musulmanes-y-budistas\/"},"modified":"2024-05-13T20:47:52","modified_gmt":"2024-05-13T18:47:52","slug":"conmocion-y-gratitud-por-juan-pablo-ii-de-parte-de-hebreos-musulmanes-y-budistas","status":"publish","type":"post","link":"https:\/\/www.focolare.org\/es\/conmocion-y-gratitud-por-juan-pablo-ii-de-parte-de-hebreos-musulmanes-y-budistas\/","title":{"rendered":"Conmoci\u00f3n y gratitud por Juan Pablo II de parte de hebreos, musulmanes y budistas"},"content":{"rendered":"<p>\u00a0<img decoding=\"async\" src=\"http:\/\/10.0.0.128\/2010focolare\/layout\/foto2005\/20050403a.jpg\" alt=\"\" align=\"right\" border=\"0\" hspace=\"8\" \/>Despu\u00e9s del paso a la otra vida del Papa siguen llegando, por e-mail, ecos del Movimiento de los Focolares en el mundo. Son particularmente significativas en este momento las expresiones de \u00edntima participaci\u00f3n y gratitud por Juan Pablo II de los amigos hebreos, musulmanes y budistas que espont\u00e1neamente las han querido comunicar a los centros del Movimiento. Referimos algunos fragmentos.  <strong><em>Mundo hebreo<\/em><\/strong> Ecos de los amigos hebreos nos llegan desde <strong>Argentina y Uruguay<\/strong>  &#8211; <em>\u00abLa actitud del Papa ha construido puentes\u201d <\/em>(Rabino Daniel Goldman &#8211; Buenos Aires) &#8211; <em><strong>\u00abHabr\u00e1 un antes y un despu\u00e9s en la historia gracias a Juan Pablo II <\/strong><\/em>(Rabino Adri\u00e1n Herbst &#8211; Buenos Aires) &#8211; <em>\u201cHa sido el Papa que m\u00e1s ha trabajado en el di\u00e1logo hebreo-cristiano. Su grandeza radica en el haber pedido perd\u00f3n por lo errores cometidos en el pasado y, as\u00ed <strong>como \u00e9l nos ha definido \u201clos hermanos mayores\u201d, hoy podemos decir que est\u00e1 muriendo Juan Pablo II \u201cnuestro hermano mayor\u201d<\/strong><\/em> (el Presidente de la AMIA, Asociaci\u00f3n Mutua Israelita Argentina, Abraham Kaul) &#8211; <em><strong>\u201cEl pueblo hebreo nunca hab\u00eda experimentado un sentimiento as\u00ed por un Papa, por lo que ha hecho por nosotros\u201d <\/strong><\/em>(una amiga hebrea de la Comisi\u00f3n de Asociaciones Femeninas Hebraicas, Uruguay).  <em><strong>Mundo musulm\u00e1n<\/strong><\/em> De los ecos llegados desde <strong>Turqu\u00eda, Argelia y Estados Unidos  En Turqu\u00eda <\/strong>las primeras personas que se pusieron en contacto con el focolar de Estambul, ayer, fueron precisamente nuestros amigos musulmanes. &#8211; Una mujer, conmovida, dec\u00eda: <em>\u201cMe perece que mi alma, una parte de m\u00ed, se est\u00e1 yendo\u201d.<\/em> &#8211; Un estudiante <em>\u201cRuego a Dios que no nos deje sin personas como \u00e9l&#8230; Tambi\u00e9n yo, como las personas de todo el mundo, estoy cerca de ustedes en estos momentos de sufrimiento y rezo con los amigos cristianos\u201d.<\/em>  <strong>Desde Argelia: <\/strong>Una pareja musulmana recuerda que, cuando el Papa estuvo en Marruecos, les impresion\u00f3 por su apertura delante de 10.000 j\u00f3venes, en Casablanca. Esta ma\u00f1ana me dijeron:<em><strong> \u201c\ufffdEl Papa es un santo! <\/strong>Ha hecho mucho por el mundo, ha tenido mucho valor. Ha hecho lo que Dios quer\u00eda. Estaba en contra de las divisiones y las guerras. <strong>Para nosotros ha sido un Padre\u201d.<\/strong><\/em>  De los <strong>Estados Unidos<\/strong> llegan los ecos de algunos Im\u00e1n con quienes desde hace tiempo los focolares del lugar se mantienen en di\u00e1logo:  &#8211; <em><strong>\u201cEn Juan Pablo II viv\u00eda la \u2018esencia\u2019 de Cristo, <\/strong>sirviendo a todas las personas, no s\u00f3lo a los cat\u00f3licos, sino extendiendo una mano hacia todos, para que vivi\u00e9ramos una vida mejor. Ha tocado a la puerta de las conciencias de los l\u00edderes del mundo para que reconocieran su deber de hacer algo m\u00e1s por las personas que sufren, en todas partes del mundo. Esto me ha atra\u00eddo y lo he comunicado a mis seguidores\u201d<\/em> (Im\u00e1n W. D. Mohammed \u2013 l\u00edder de 2 millones de musulmanes afro-americanos) &#8211; <em>\u201cCon este Papa he sentido una relaci\u00f3n personal. <strong>He apreciado sobre todo sus palabras al mundo despu\u00e9s del 11 de septiembre,<\/strong> cuando dijo que lo que hab\u00eda sucedido no era culpa de la religi\u00f3n. Ha sido muy reconfortante y conmovedor. Lo considero un hermano, un amigo, un miembro de la familia. Me va a hacer falta, pero s\u00e9 que lo que ha comenzado vivir\u00e1 para siempre\u201d.<\/em> (Im\u00e1n Sultan Salahuddin, Chicago) &#8211; <em>\u201cNo puedo pensar en otra persona de la historia reciente que tenga tal grandeza e impacto en la sociedad y en el mundo. <strong>Ha trabajado para sacar lo mejor de la humanidad\u201d.<\/strong> <\/em>(Im\u00e1n Bilal Muhammed, Kansas City) &#8211; <em>\u201cSu vida, lo que ha hecho, y su <strong>modo de actuar han cambiado la visi\u00f3n del mundo sobre las diferencias \u00e9tnicas.<\/strong> Lo he observado durante a\u00f1os y he visto los cambios <strong>que han ocurrido y que han tenido como un efecto en cadena en toda la humanidad. <\/strong>He apreciado el hecho que <strong>ha abrazado el Islam en un momento en el que no era muy popular acercarse a nosotros\u201d.<\/strong> <\/em>(Ijlal Munir, musulmana y gerente de una empresa de W. D. Mohammed , Chicago) &#8211; <em>\u201cJuan Pablo II ha tenido una fuerza espiritual que ha ido m\u00e1s all\u00e1 de las barreras religiosas. Ha tenido una influencia espiritual fenomenal que nos ha llegado a todos\u201d<\/em> (Dr. Im\u00e1n Mikal Ramadam, Chicago) &#8211; <em>\u201cPapa Juan Pablo II es uno de los grandes y maravillosos signos hist\u00f3ricos del amor por la humanidad del Gran Misericordioso, del Gran Benefactor. Juan Pablo II con su valiente defensa de la libertad, de la justicia y de la igualdad entre los miembros de la familia humana, <strong>nos ha hecho recordar nuestra responsabilidad individual y colectiva y utilizar los recursos que Dios nos ha dado al servicio de la humanidad\u201d.<\/strong><\/em> (Im\u00e1n Malik Shabazz, de la mezquita de Beacon &#8211; Nueva York)  <strong>Mundo budista <\/strong> De los ecos llegados desde <strong>Jap\u00f3n<\/strong> y de <strong>Tailandia.<\/strong>  Desde el focolar de <strong>Tokio:<\/strong> \u201cNuestros amigos budistas viven junto con nosotros estas horas con grand\u00edsimo afecto e intensidad\u201d.  &#8211; <em>\u201cAhora todo el mundo est\u00e1 en oraci\u00f3n por Juan Pablo II, figura hist\u00f3rica grand\u00edsima, l\u00edder excepcional de la paz, porque <strong>en \u00e9l todos ven a Dios\u201d<\/strong><\/em> (Rev. Nissho Takeuchi, de la Nichirenshu, Templo Myokenkakuji \u2013 Osaka) &#8211; <strong>Un budista que estuvo en Roma y se encontr\u00f3 con el Papa:<em><\/em><\/strong> \u201cMi ni\u00f1a, que ahora tiene 9 a\u00f1os, de peque\u00f1a recibi\u00f3 una caricia en la cabeza por parte del Papa. Todav\u00eda ahora tengo viva en mis ojos la figura de Juan Pablo II que nos hizo sentir ese calor, aunque nosotros no \u00e9ramos cristianos. <strong>Tambi\u00e9n yo, como hombre, quiero vivir mi vida siguiendo el coraz\u00f3n del Papa.<\/strong> Me surge s\u00f3lo decirle \u2018gracias\u2019. Y que pueda descansar en paz\u201d. (Koichi Kawamoto, del movimmiento Rissho Kosei Kai) &#8211; <em>La figura del Papa <strong>ha sido para m\u00ed un modelo de vida.<\/strong> En una audiencia p\u00fablica en la Plaza San Pedro vi al Papa que saludaba primero a las personas enfermas o en silla de ruedas, \u201cperdiendo\u201d tiempo con toda esta gente. Y vi que lo hac\u00eda con mucho amor,<strong> descubriendo as\u00ed que para el Papa la existencia de estas personas es \u201cpreciosa\u201d. Regresando en el Jap\u00f3n quise hacer lo mismo siguiendo su ejemplo: <\/strong>llam\u00e9 a las personas con discapacidades o enfermas de los templos budistas que tengo confiados para saludarlas y conocerlas\u201d<\/em> (Rev. Yasuo Koike \u2013 responsable del Movimiento Rissho Kosei Kai de Chiba, cerca de Tokio)  Los amigos budistas del Movimiento de los Focolares de <strong>Tailandia<\/strong> se unen al mundo cristiano para rezar por \u00e9l, con afecto y respeto profundo y nos hacen sentir su cercan\u00eda espiritual.  &#8211; En la sala del Gran Maestro Ajhan Thong, en Chiang Mai, resalta una gran foto de \u00e9l con el Santo Padre con ocasi\u00f3n de una audiencia en el Vaticano. <strong><em>Desde entonces habla a menudo a sus seguidores de la grandeza espiritual del Papa para todo el mundo.<\/em> <\/strong>En estos d\u00edas reza en un modo especial por el Papa. &#8211; El monje Phramaha Thongrat en una llamada telef\u00f3nica, ha dicho que el Papa <strong><em>no s\u00f3lo es su gran hermano, \ufffdes su padre! <\/em><\/strong>(Los budistas tailandeses llaman \u201cpadre\u201d o \u201cmadre\u201d a personas de alta espiritualidad, gu\u00edas espirituales importantes para sus vidas). Y quiso dedicarle una poes\u00eda:   <strong>Mi padre fue al Para\u00edso<\/strong>  <em>En los largos a\u00f1os que mi padre moraba en el Vaticano, brillaba lo bello y reinaba la alegr\u00eda. Hoy sin \u00e9l la ciudad est\u00e1 vac\u00eda. Desorientaci\u00f3n, dolor y l\u00e1grimas: todo habla de su inmenso amor.  Si, amor es la palabra que \u00e9l ha pronunciado para el mundo entero. Su mensaje ha cambiado el recorrido de cada hombre. Su herencia permanecer\u00e1 por siempre, hasta los \u00faltimos confines de la tierra: fundamento para la paz verdadera, de un mundo que el mal no volver\u00e1 a conocer.  Hoy mi padre ha ido al Para\u00edso; ha concluido su camino terreno y se va&#8230; pero su coraz\u00f3n estar\u00e1 siempre lleno de una alegr\u00eda que se desborda. mi padre nos ha indicado el camino de los sabios que lleva a la sabidur\u00eda eterna.  <strong>Phramaha Thongrat, monje budista<\/strong><\/em> <\/p>\n<p align=\"justify\">\n","protected":false},"excerpt":{"rendered":"<p>El Papa y el Movimiento\/2<\/p>\n","protected":false},"author":34,"featured_media":0,"comment_status":"open","ping_status":"open","sticky":false,"template":"","format":"standard","meta":{"give_campaign_id":0,"_seopress_robots_primary_cat":"","_seopress_titles_title":"","_seopress_titles_desc":"","_seopress_robots_index":"","_et_pb_use_builder":"","_et_pb_old_content":"","_et_gb_content_width":"","footnotes":""},"categories":[46],"tags":[],"class_list":["post-293908","post","type-post","status-publish","format-standard","hentry","category-sin-categorizar"],"_links":{"self":[{"href":"https:\/\/www.focolare.org\/es\/wp-json\/wp\/v2\/posts\/293908","targetHints":{"allow":["GET"]}}],"collection":[{"href":"https:\/\/www.focolare.org\/es\/wp-json\/wp\/v2\/posts"}],"about":[{"href":"https:\/\/www.focolare.org\/es\/wp-json\/wp\/v2\/types\/post"}],"author":[{"embeddable":true,"href":"https:\/\/www.focolare.org\/es\/wp-json\/wp\/v2\/users\/34"}],"replies":[{"embeddable":true,"href":"https:\/\/www.focolare.org\/es\/wp-json\/wp\/v2\/comments?post=293908"}],"version-history":[{"count":0,"href":"https:\/\/www.focolare.org\/es\/wp-json\/wp\/v2\/posts\/293908\/revisions"}],"wp:attachment":[{"href":"https:\/\/www.focolare.org\/es\/wp-json\/wp\/v2\/media?parent=293908"}],"wp:term":[{"taxonomy":"category","embeddable":true,"href":"https:\/\/www.focolare.org\/es\/wp-json\/wp\/v2\/categories?post=293908"},{"taxonomy":"post_tag","embeddable":true,"href":"https:\/\/www.focolare.org\/es\/wp-json\/wp\/v2\/tags?post=293908"}],"curies":[{"name":"wp","href":"https:\/\/api.w.org\/{rel}","templated":true}]}}