{"id":293928,"date":"2005-05-03T22:00:00","date_gmt":"2005-05-03T20:00:00","guid":{"rendered":"https:\/\/www.focolare.org\/un-vuelo-posible-el-del-mundo-de-la-empresa-que-hace-las-cuentas-considerando-el-compartir\/"},"modified":"2024-05-13T20:47:54","modified_gmt":"2024-05-13T18:47:54","slug":"un-vuelo-posible-el-del-mundo-de-la-empresa-que-hace-las-cuentas-considerando-el-compartir","status":"publish","type":"post","link":"https:\/\/www.focolare.org\/es\/un-vuelo-posible-el-del-mundo-de-la-empresa-que-hace-las-cuentas-considerando-el-compartir\/","title":{"rendered":"\u201cUn vuelo posible\u201d: el del mundo de la empresa que hace las cuentas considerando el compartir"},"content":{"rendered":"<p>\u00a0<\/p>\n<p><img decoding=\"async\" src=\"http:\/\/10.0.0.128\/2010focolare\/layout\/foto2005\/20050504a.jpg\" alt=\"\" align=\"right\" border=\"0\" hspace=\"8\" \/><strong>\u00abUn vuelo posible\u00bb<\/strong><br \/> Este vuelo ha sido experimentado en Loppiano: los primeros han sido los j\u00f3venes que quieren montar una empresa. Un centenar, en grupos de trabajo, se han confrontado con cuantos ya est\u00e1n trabajando en el campo empresarial. Y el intercambio se ha convertido en un don: los empresarios han ofrecido su propia experiencia, no siempre f\u00e1cil, y los j\u00f3venes, con su entusiasmo y curiosidad, los han empujado a vivir con todav\u00eda mayor radicalidad los ideales de la Econom\u00eda de Comuni\u00f3n: <em>\u201cDe los j\u00f3venes hemos recibido mucho m\u00e1s de lo que hemos dado\u201d<\/em> coment\u00f3 un empresario.<\/p>\n<p><strong>La fraternidad, el \u201calgo m\u00e1s\u201d del empresario de la EdC<\/strong><br \/> Los talleres fueron introducidos por la intervenci\u00f3n de Cecilia Cantone Manzo, presidente de la E. de C. s.p.a., sociedad que gestiona el pol\u00edgono empresarial Lionello Bonfanti, y por el Prof. Luigino Bruni, quien traz\u00f3 el perfil del empresario de la EdC, indicando, en el vivir la fraternidad, ese \u201calgo m\u00e1s\u201d que lo caracteriza y que se suma a las capacidades requeridas por todo empresario: arriesgar, inventar, perseguir un proyecto.<\/p>\n<p><strong>Un empuje para hacer la empresa en modo innovador<\/strong><br \/> Un grupo de expertos present\u00f3 elementos t\u00edpicos del \u201cmontar una empresa\u201d, en la \u00f3ptica de la \u201ccultura del dar\u201d subrayando la novedad y suscitando un vivo inter\u00e9s entre los j\u00f3venes. <em>\u201cHaber venido aqu\u00ed \u2013 dec\u00eda una estudiante napolitana &#8211; nos ha animado todav\u00eda m\u00e1s a montar una empresa, a hacer algo nuevo\u201d. <\/em>De los j\u00f3venes provino la exigencia de repetir estos encuentros en Loppiano cada 6 meses.<\/p>\n<p><strong>Aquellas mejoras en la administraci\u00f3n de la acci\u00f3n m\u00e1s all\u00e1 de toda imaginaci\u00f3n<\/strong><br \/> El 24 de abril el congreso se abri\u00f3 a otros empresarios. <em>\u00abA pesar de las dificultades y las crisis de todo tipo \u2013cuenta un empresario de piemont\u00e9s- hemos podido constatar un continuo y notable crecimiento en nuestra facturaci\u00f3n. En mi experiencia siempre he verificado el \u201cc\u00e9ntuplo\u201d evang\u00e9lico, que no es nunca uno de esos paquetes grandes e inc\u00f3modos (como podr\u00eda ser ganarse la loter\u00eda) que puede echar a perder la vida cotidiana, sino que llega con discreci\u00f3n. Varias veces ha sucedido que nuestro administrador, quiz\u00e1s a medio a\u00f1o, nos ilustra una situaci\u00f3n precaria; despu\u00e9s, yendo adelante con el trabajo, al final del a\u00f1o, con verdadera sorpresa nos anuncia una mejor\u00eda, m\u00e1s all\u00e1 de lo que habr\u00edamos podido imaginar\u201d.<\/em><\/p>\n","protected":false},"excerpt":{"rendered":"<p>Econom\u00eda de Comuni\u00f3n<\/p>\n","protected":false},"author":34,"featured_media":0,"comment_status":"open","ping_status":"open","sticky":false,"template":"","format":"standard","meta":{"give_campaign_id":0,"_seopress_robots_primary_cat":"","_seopress_titles_title":"","_seopress_titles_desc":"","_seopress_robots_index":"","_et_pb_use_builder":"","_et_pb_old_content":"","_et_gb_content_width":"","footnotes":""},"categories":[46],"tags":[],"class_list":["post-293928","post","type-post","status-publish","format-standard","hentry","category-sin-categorizar"],"_links":{"self":[{"href":"https:\/\/www.focolare.org\/es\/wp-json\/wp\/v2\/posts\/293928","targetHints":{"allow":["GET"]}}],"collection":[{"href":"https:\/\/www.focolare.org\/es\/wp-json\/wp\/v2\/posts"}],"about":[{"href":"https:\/\/www.focolare.org\/es\/wp-json\/wp\/v2\/types\/post"}],"author":[{"embeddable":true,"href":"https:\/\/www.focolare.org\/es\/wp-json\/wp\/v2\/users\/34"}],"replies":[{"embeddable":true,"href":"https:\/\/www.focolare.org\/es\/wp-json\/wp\/v2\/comments?post=293928"}],"version-history":[{"count":0,"href":"https:\/\/www.focolare.org\/es\/wp-json\/wp\/v2\/posts\/293928\/revisions"}],"wp:attachment":[{"href":"https:\/\/www.focolare.org\/es\/wp-json\/wp\/v2\/media?parent=293928"}],"wp:term":[{"taxonomy":"category","embeddable":true,"href":"https:\/\/www.focolare.org\/es\/wp-json\/wp\/v2\/categories?post=293928"},{"taxonomy":"post_tag","embeddable":true,"href":"https:\/\/www.focolare.org\/es\/wp-json\/wp\/v2\/tags?post=293928"}],"curies":[{"name":"wp","href":"https:\/\/api.w.org\/{rel}","templated":true}]}}