{"id":293940,"date":"2005-05-24T20:00:00","date_gmt":"2005-05-24T18:00:00","guid":{"rendered":"https:\/\/www.focolare.org\/amor-de-dios-amor-al-projimo-en-las-tradiciones-hebrea-y-cristiana\/"},"modified":"2024-05-13T20:47:54","modified_gmt":"2024-05-13T18:47:54","slug":"amor-de-dios-amor-al-projimo-en-las-tradiciones-hebrea-y-cristiana","status":"publish","type":"post","link":"https:\/\/www.focolare.org\/es\/amor-de-dios-amor-al-projimo-en-las-tradiciones-hebrea-y-cristiana\/","title":{"rendered":"Amor de Dios, amor al pr\u00f3jimo en las tradiciones hebrea y cristiana"},"content":{"rendered":"<p>&nbsp;  <img decoding=\"async\" src=\"http:\/\/10.0.0.128\/2010focolare\/layout\/foto2005\/20050524a.jpg\" alt=\"\" align=\"right\" border=\"0\" hspace=\"8\" \/>No al choque entre las civilizaciones sino \u201cuna composici\u00f3n armoniosa de las diferencias\u201d, en donde se hace \u201cpresente\u201d la \u201cinagotable e infinita riqueza de Dios, pero tambi\u00e9n un mayor compromiso de dialogar y conocerse m\u00e1s\u201d. Es el mensaje que llega desde el primer Simposio Internacional hebraico-cristiano, promovido por el Movimiento de los Focolares, que ha reunido a cientos de exponentes del cristianismo y del hebra\u00edsmo en el Centro Mari\u00e1polis, sobre el tema <em>\u201camor de Dios, amor al pr\u00f3jimo, en las tradiciones hebraica y cristiana\u201d.<\/em>  En su intervenci\u00f3n, el martes 24 de mayo, en la ma\u00f1ana, el Card. Kasper, Presidente del Consejo Pontificio para la unidad de los cristianos, defini\u00f3 como \u201csorprendente\u201d el desarrollo del di\u00e1logo hebraico-cristiano. Despu\u00e9s de haber citado los gestos de Juan Pablo II, record\u00f3 que, enseguida despu\u00e9s de su elecci\u00f3n, Benedicto XVI quiso asegurar la continuidad. \u201cAl Papa Ratzinger \u2013dijo Kasper- lo conozco hace m\u00e1s de 40 a\u00f1os. Ha escrito mucho sobre la relaci\u00f3n entre hebra\u00edsmo y cristianismo. Ha dado importantes aportes teol\u00f3gicos. Tiene en su coraz\u00f3n este di\u00e1logo\u201d. Para el futuro, Kasper ha indicado tres retos: \u201cDebemos hacer todo lo posible por conocernos\u201d, por profundizar la investigaci\u00f3n teol\u00f3gica rec\u00edproca y tambi\u00e9n la \u201ccolaboraci\u00f3n\u201d. En el \u201cfrente\u201d de la pobreza, de los valores a favor de la vida, de la familia, para transmitir el Concilio a las nuevas generaciones.  El congreso, empez\u00f3 el lunes pasado con un saludo enviado por Chiara Lubich. La fundadora del Movimiento ha ofrecido su experiencia personal. \u201cLes aseguro \u2013dijo- que parece que el Esp\u00edritu aletee sobre estos encuentros, \ufffdcu\u00e1nto m\u00e1s en este entre hebreos y cristianos!\u201d. Por su parte, Zanghi \u2013co-director del Centro para el di\u00e1logo- observ\u00f3 que la caracter\u00edstica del simposio es la \u201capertura de cada uno al otro en una actitud de escucha que conduce al conocimiento en el seno del amor\u201d. Ese amor entre nosotros que \u201cabre el cumplimiento de las promesas de paz de los profetas\u201d.  Por la parte hebraica, Ibraham Skorka, Rector del Seminario Rab\u00ednico Latinoamericano de Buenos Aires, profundiz\u00f3 el \u201cconcepto de Hombre\u201d, mientras que \u201cla presencia y el silencio de Dios\u201d fueron el n\u00facleo central del tema de Jack Bemporad, director del Centro para la Comprensi\u00f3n Interreligiosa de Nueva York y del exegeta Gerard Ross\u00e9. Entre los relatores por la parte cat\u00f3lica estuvieron, entre otros, los te\u00f3logos Piero Coda y Jes\u00fas Castellano.  El di\u00e1logo del Movimiento de los Focolares con el mundo hebraico empez\u00f3 hace diversas d\u00e9cadas. De especial importancia ha sido el encuentro que tuvo lugar en 1998, en Buenos aires, entre Chiara Lubich y una de las comunidades hebraicas m\u00e1s numerosas de Am\u00e9rica Latina.  Los participantes estuvieron presentes en la audiencia general en la Plaza San Pedro.  Fabrizio Mastrofini \u2013 <em>\u201cAvvenire\u201d<\/em> &#8211; 25 de mayo de 2005<\/p>\n","protected":false},"excerpt":{"rendered":"<p>Di\u00e1logo hebraico-cristiano<\/p>\n","protected":false},"author":34,"featured_media":0,"comment_status":"open","ping_status":"open","sticky":false,"template":"","format":"standard","meta":{"give_campaign_id":0,"_seopress_robots_primary_cat":"","_seopress_titles_title":"","_seopress_titles_desc":"","_seopress_robots_index":"","_et_pb_use_builder":"","_et_pb_old_content":"","_et_gb_content_width":"","footnotes":""},"categories":[46],"tags":[],"class_list":["post-293940","post","type-post","status-publish","format-standard","hentry","category-sin-categorizar"],"_links":{"self":[{"href":"https:\/\/www.focolare.org\/es\/wp-json\/wp\/v2\/posts\/293940","targetHints":{"allow":["GET"]}}],"collection":[{"href":"https:\/\/www.focolare.org\/es\/wp-json\/wp\/v2\/posts"}],"about":[{"href":"https:\/\/www.focolare.org\/es\/wp-json\/wp\/v2\/types\/post"}],"author":[{"embeddable":true,"href":"https:\/\/www.focolare.org\/es\/wp-json\/wp\/v2\/users\/34"}],"replies":[{"embeddable":true,"href":"https:\/\/www.focolare.org\/es\/wp-json\/wp\/v2\/comments?post=293940"}],"version-history":[{"count":0,"href":"https:\/\/www.focolare.org\/es\/wp-json\/wp\/v2\/posts\/293940\/revisions"}],"wp:attachment":[{"href":"https:\/\/www.focolare.org\/es\/wp-json\/wp\/v2\/media?parent=293940"}],"wp:term":[{"taxonomy":"category","embeddable":true,"href":"https:\/\/www.focolare.org\/es\/wp-json\/wp\/v2\/categories?post=293940"},{"taxonomy":"post_tag","embeddable":true,"href":"https:\/\/www.focolare.org\/es\/wp-json\/wp\/v2\/tags?post=293940"}],"curies":[{"name":"wp","href":"https:\/\/api.w.org\/{rel}","templated":true}]}}