{"id":293952,"date":"2005-05-31T22:00:00","date_gmt":"2005-05-31T20:00:00","guid":{"rendered":"https:\/\/www.focolare.org\/comentario-de-chira-lubich-de-la-palabra-de-vida-del-mes-de-junio-2005\/"},"modified":"2024-05-13T20:48:07","modified_gmt":"2024-05-13T18:48:07","slug":"comentario-de-chira-lubich-de-la-palabra-de-vida-del-mes-de-junio-2005","status":"publish","type":"post","link":"https:\/\/www.focolare.org\/es\/comentario-de-chira-lubich-de-la-palabra-de-vida-del-mes-de-junio-2005\/","title":{"rendered":"Comentario de Chira Lubich de la Palabra de vida del mes de junio 2005"},"content":{"rendered":"<p>Al salir de Cafarna\u00fan, Jes\u00fas vio sentado a su mesa a un recaudador de impuestos llamado Mateo. Este hombre ejerc\u00eda un oficio que lo hac\u00eda odioso para la gente, y se lo asociaba a los usureros y explotadores que se enriquec\u00edan a costa de los dem\u00e1s. Los escribas y los fariseos los consideraban pecadores p\u00fablicos, tanto que le achacaban a Jes\u00fas que fuera \u201camigo de publicanos y pecadores\u201d y se sentara a comer con ellos1.<br \/>Por eso, contra toda convenci\u00f3n social, Jes\u00fas llam\u00f3 a Mateo a seguirlo y acept\u00f3 ir a comer a su casa, lo mismo que har\u00e1 m\u00e1s adelante con Zaqueo, el jefe de los recaudadores de Jeric\u00f3. Ante la exigencia de que explicara su comportamiento, Jes\u00fas dir\u00e1 que \u00e9l vino a curar a los enfermos, no a los sanos, y a llamar no a los justos, sino a los pecadores. Su invitaci\u00f3n, tambi\u00e9n esta vez, estaba dirigida justamente a uno de ellos.<\/p>\n<p class=\"titCont2\">\u00abS\u00edgueme\u00bb<\/p>\n<p>Jes\u00fas ya les hab\u00eda pedido esto a Andr\u00e9s, Pedro, Santiago y Juan a orillas del lago. La misma invitaci\u00f3n, con distintas palabras, la har\u00eda a Pablo camino de Damasco.<br \/>Pero Jes\u00fas no se detuvo entonces: a lo largo de los siglos ha seguido llamando a hombres y mujeres de todos los pueblos y naciones. Hoy tambi\u00e9n pasa por nuestra vida, nos encuentra en lugares distintos, lo expresa de diversas maneras, y nos hace sentir nuevamente su invitaci\u00f3n a seguirlo.<br \/>Nos llama a estar con \u00e9l porque quiere instaurar una relaci\u00f3n personal, y al mismo tiempo nos invita a colaborar en el gran proyecto de una humanidad nueva.<br \/>Nuestras debilidades, nuestros pecados, nuestras miserias, no le importan. El nos ama y nos elige tal cual somos. Su amor ser\u00e1 el que nos transforme y nos d\u00e9 la fuerza de responderle y el coraje de seguirlo, como hizo Mateo.<br \/>Tiene, adem\u00e1s, un proyecto de vida, un llamado particular para cada uno. Se lo siente interiormente por una inspiraci\u00f3n del Esp\u00edritu Santo, o a trav\u00e9s de determinadas circunstancias, o por un consejo, una se\u00f1al de que nos quiere&#8230; Aunque se manifieste de distintas maneras, resuena la misma palabra:<\/p>\n<p class=\"RipPdv\">\u00abS\u00edgueme\u00bb<\/p>\n<p>Recuerdo cuando yo misma advert\u00ed este llamado de Dios. Era una ma\u00f1ana muy fr\u00eda de invierno en Trento. Mi mam\u00e1 le hab\u00eda pedido a mi hermana menor que fuera a comprar la leche, a dos kil\u00f3metros de casa, pero hac\u00eda demasiado fr\u00edo y ella no estaba de \u00e1nimo; mi otra hermana tambi\u00e9n se neg\u00f3. Entonces me ofrec\u00ed: \u201cVoy yo, mam\u00e1\u201d, y tom\u00e9 la botella. Sal\u00ed de casa y, a mitad de camino, sucedi\u00f3 algo especial: sent\u00ed como si el cielo se abriera y Dios me invitara a seguirlo: \u201cDate toda a m\u00ed\u201d, percib\u00ed en mi interior.<br \/>Era un llamado expl\u00edcito, al que quise responder enseguida. Lo habl\u00e9 con mi confesor, quien me permiti\u00f3 darme a Dios para siempre. Era el 7 de diciembre de 1943. Nunca lograr\u00e9 explicar cabalmente lo que pas\u00f3 ese d\u00eda en mi coraz\u00f3n: hab\u00eda desposado a Dios. De \u00e9l pod\u00eda esperarlo todo.<\/p>\n<p class=\"titCont2\">\u00abS\u00edgueme\u00bb<\/p>\n<p>Esta palabra no tiene que ver s\u00f3lo con un momento determinante de elecci\u00f3n de nuestra vida, Jes\u00fas nos la sigue diciendo cada d\u00eda. \u201cS\u00edgueme\u201d, parece sugerirnos ante los m\u00e1s simples deberes cotidianos; \u201cS\u00edgueme\u201d, en esa prueba que has de abrazar, en esa tentaci\u00f3n que has de vencer, en ese servicio que has de cumplir.<br \/>\u00bfC\u00f3mo responderle concretamente?<br \/>Haciendo lo que Dios quiere de nosotros en el presente, que siempre lleva consigo una gracia particular. El empe\u00f1o de este mes ser\u00e1, por lo tanto, darse a la voluntad de Dios con decisi\u00f3n, darse al hermano y a la hermana que hemos de amar, al trabajo, al estudio, a la oraci\u00f3n, al descanso, a la actividad que tenemos que hacer.<br \/>Aprender a escuchar en lo profundo del coraz\u00f3n la voz de Dios, que habla tambi\u00e9n con la voz de la conciencia y que nos dir\u00e1 lo que \u00e9l quiere de nosotros en cada momento, dispuestos a sacrificar todo para realizarlo.<br \/>\u201cOh Dios, haz que te amemos no s\u00f3lo cada d\u00eda m\u00e1s, porque pueden ser demasiado pocos los d\u00edas que nos restan; haz que te amemos en cada instante presente con todo el coraz\u00f3n, el alma y las fuerzas, en esa que es tu voluntad\u201d.<br \/>Es el mejor sistema para seguir a Jes\u00fas.<\/p>\n<p><em>Chiara Lubich<\/em><\/p>\n<p class=\"nota\">1) Cf Mt 11, 19; 9, 10-11.<\/p>\n<p class=\"nota\">&nbsp;<\/p>\n","protected":false},"excerpt":{"rendered":"<p>\u00abS\u00edgueme\u00bb (Mt  9, 9)<\/p>\n","protected":false},"author":34,"featured_media":0,"comment_status":"open","ping_status":"open","sticky":false,"template":"","format":"standard","meta":{"give_campaign_id":0,"_seopress_robots_primary_cat":"","_seopress_titles_title":"","_seopress_titles_desc":"","_seopress_robots_index":"","_et_pb_use_builder":"","_et_pb_old_content":"","_et_gb_content_width":"","footnotes":""},"categories":[95,46],"tags":[],"class_list":["post-293952","post","type-post","status-publish","format-standard","hentry","category-palabra-de-vida","category-sin-categorizar"],"_links":{"self":[{"href":"https:\/\/www.focolare.org\/es\/wp-json\/wp\/v2\/posts\/293952","targetHints":{"allow":["GET"]}}],"collection":[{"href":"https:\/\/www.focolare.org\/es\/wp-json\/wp\/v2\/posts"}],"about":[{"href":"https:\/\/www.focolare.org\/es\/wp-json\/wp\/v2\/types\/post"}],"author":[{"embeddable":true,"href":"https:\/\/www.focolare.org\/es\/wp-json\/wp\/v2\/users\/34"}],"replies":[{"embeddable":true,"href":"https:\/\/www.focolare.org\/es\/wp-json\/wp\/v2\/comments?post=293952"}],"version-history":[{"count":0,"href":"https:\/\/www.focolare.org\/es\/wp-json\/wp\/v2\/posts\/293952\/revisions"}],"wp:attachment":[{"href":"https:\/\/www.focolare.org\/es\/wp-json\/wp\/v2\/media?parent=293952"}],"wp:term":[{"taxonomy":"category","embeddable":true,"href":"https:\/\/www.focolare.org\/es\/wp-json\/wp\/v2\/categories?post=293952"},{"taxonomy":"post_tag","embeddable":true,"href":"https:\/\/www.focolare.org\/es\/wp-json\/wp\/v2\/tags?post=293952"}],"curies":[{"name":"wp","href":"https:\/\/api.w.org\/{rel}","templated":true}]}}