{"id":293992,"date":"2005-08-25T22:00:00","date_gmt":"2005-08-25T20:00:00","guid":{"rendered":"https:\/\/www.focolare.org\/benedicto-xvi-de-la-jmj-el-auspicio-de-una-gran-primavera-de-esperanza-en-europa-y-en-todo-el-mundo\/"},"modified":"2024-05-13T20:48:11","modified_gmt":"2024-05-13T18:48:11","slug":"benedicto-xvi-de-la-jmj-el-auspicio-de-una-gran-primavera-de-esperanza-en-europa-y-en-todo-el-mundo","status":"publish","type":"post","link":"https:\/\/www.focolare.org\/es\/benedicto-xvi-de-la-jmj-el-auspicio-de-una-gran-primavera-de-esperanza-en-europa-y-en-todo-el-mundo\/","title":{"rendered":"Benedicto XVI: de la JMJ, el auspicio de una gran primavera de esperanza en Europa y en todo el mundo"},"content":{"rendered":"<p>&nbsp;  \u00a0<img decoding=\"async\" src=\"http:\/\/2010.focolare.org\/layout\/foto2005\/20050820b.jpg\" alt=\"\" align=\"left\" border=\"0\" hspace=\"8\" \/><strong>\u201cUna intuici\u00f3n prof\u00e9tica\u201d<\/strong> del \u201cinolvidable\u201d predecesor, destinada a dar comienzo a una \u201cgran primavera de esperanza\u201d para Europa y el mundo: as\u00ed defini\u00f3 Benedicto XVI la Jornada Mundial de la Juventud.  El mi\u00e9rcoles 24 de agosto, en la audiencia general, el Papa habl\u00f3 de su experiencia en Alemania, recorriendo sus etapas y sus momentos m\u00e1s significativos, delante de 7000 personas de cuatro continentes que colmaban el Aula Pablo VI, entre las cuales sobresal\u00edan una delegaci\u00f3n interreligiosa proveniente de Nagasaki y una de religiosos budistas.   <strong>De la intervenci\u00f3n de Benedicto XVI:<\/strong>  La Providencia divina ha querido que mi primer viaje pastoral fuera de Italia tuviera como meta precisamente mi pa\u00eds de origen y con motivo del gran encuentro de los j\u00f3venes del mundo, veinte a\u00f1os despu\u00e9s de la instituci\u00f3n de la Jornada Mundial de la Juventud, surgida de la intuici\u00f3n prof\u00e9tica de mi inolvidable predecesor. <\/p>\n<p align=\"justify\"><img decoding=\"async\" src=\"http:\/\/2010.focolare.org\/layout\/foto2005\/20050820e.jpg\" alt=\"\" align=\"right\" border=\"0\" hspace=\"8\" \/>El abrazo con los j\u00f3venes participantes en la Jornada Mundial de la Juventud comenz\u00f3 desde mi llegada al aeropuerto de Colonia-Bonn y fue haci\u00e9ndose cada vez m\u00e1s emocionante al recorrer el Rhin desde el muelle de Rodenkirchenerbrucke hasta Colonia, escoltados por cinco embarcaciones en representaci\u00f3n de los cinco continentes. Luego fue sumamente sugerente el alto ante el embarcadero del Poller Rheinwiesen, donde estaban presentes miles y miles de j\u00f3venes, con los que mantuve el primer encuentro oficial, llamado oportunamente \u00abfiesta de la acogida\u00bb, que ten\u00eda como lema las palabras de los Magos: \u00ab\ufffdD\u00f3nde est\u00e1 el Rey de los jud\u00edos que ha nacido?\u00bb (Mateo 2, 2). Fueron precisamente los Magos los \u00abgu\u00edas\u00bb para esos j\u00f3venes peregrinos hacia Cristo. Qu\u00e9 significativo es el hecho de que todo esto haya tenido lugar mientras nos encaminamos hacia la conclusi\u00f3n del A\u00f1o Eucar\u00edstico, convocado por Juan Pablo II! \u00abHemos venido a adorarle\u00bb, el tema del Encuentro, invit\u00f3 a todos a seguir a los Magos, y a cumplir junto a ellos un viaje interior de conversi\u00f3n hacia el Emanuel, el Dios con nosotros, para conocerle, encontrarle, adorarle, y, despu\u00e9s de haberle encontrado y adorado, volver a comenzar llevando en el esp\u00edritu, en nuestra intimidad, su luz y alegr\u00eda.  <\/p>\n<p align=\"justify\"><img decoding=\"async\" src=\"http:\/\/2010.focolare.org\/layout\/foto2005\/20050820c.jpg\" alt=\"\" align=\"left\" border=\"0\" hspace=\"8\" \/>En Colonia, los j\u00f3venes han podido profundizar en varias ocasiones en estos temas espirituales y han sido estimulados por el Esp\u00edritu Santo a ser testigos de Cristo, que en la Eucarist\u00eda prometi\u00f3 quedarse realmente presente entre nosotros hasta el final del mundo. Vuelvo a pensar en varios momentos que tuve la alegr\u00eda de compartir con ellos, especialmente en la vigilia del s\u00e1bado por la noche y en la celebraci\u00f3n conclusiva del domingo. A estas sugerentes manifestaciones de fe se unieron millones de otros j\u00f3venes de todos los rincones de la tierra, gracias a las providenciales transmisiones de radio y televisi\u00f3n. Pero quisiera evocar aqu\u00ed un encuentro singular, el de los seminaristas, j\u00f3venes llamados a un seguimiento m\u00e1s radical de Cristo, maestro y pastor. Quise que hubiera un momento espec\u00edfico dedicado para ellos para resaltar tambi\u00e9n la dimensi\u00f3n vocacional t\u00edpica de las Jornadas Mundiales de la Juventud. Muchas vocaciones al sacerdocio y a la vida consagrada han surgido en estos veinte a\u00f1os precisamente durante las Jornadas Mundiales de la Juventud, ocasiones privilegiadas en las que el Esp\u00edritu Santo deja escuchar su llamada.  En el contexto lleno de esperanza de las Jornadas de Colonia, se enmarca muy bien el encuentro con los representantes de las dem\u00e1s iglesias y comunidades eclesiales. El papel de Alemania en el di\u00e1logo ecum\u00e9nico es importante, ya sea por la triste historia de divisiones, ya sea por el papel significativo que ha desempe\u00f1ado en el camino de la reconciliaci\u00f3n. Deseo que el di\u00e1logo, como intercambio rec\u00edproco de dones y no s\u00f3lo de palabras, contribuya adem\u00e1s a hacer crecer y madurar esa \u00absinfon\u00eda\u00bb ordenada y armoniosa que es la unidad cat\u00f3lica. En esta perspectiva, las Jornadas Mundiales de la Juventud representan un v\u00e1lido \u00ablaboratorio\u00bb ecum\u00e9nico. Y, \ufffdc\u00f3mo no revivir con emoci\u00f3n la visita a la Sinagoga de Colonia, en la que tiene su sede la comunidad jud\u00eda m\u00e1s antigua de Alemania? Con los hermanos jud\u00edos record\u00e9 la Sho\u00e1, y el sexag\u00e9simo aniversario de la liberaci\u00f3n de los campos de concentraci\u00f3n nazis.  Este a\u00f1o se celebra, adem\u00e1s, el cuadrag\u00e9simo aniversario de la declaraci\u00f3n conciliar \u00abNostra aetate\u00bb, que inaugur\u00f3 una nueva estaci\u00f3n de di\u00e1logo y de solidaridad espiritual entre jud\u00edos y cristianos, as\u00ed como de estima por las dem\u00e1s grandes tradiciones religiosas. Entre estas, ocupa un lugar particular el Islam, cuyos seguidores adoran al \u00fanico Dios y se remontan con gusto al patriarca Abraham. Por este motivo, quise encontrarme con los representantes de algunas comunidades musulmanas, a los que manifest\u00e9 las esperanzas y las preocupaciones del dif\u00edcil momento hist\u00f3rico que estamos viviendo, deseando que se extirpe el fanatismo y la violencia y que juntos podamos colaborar siempre en la defensa de la dignidad de la persona humana y tutelar sus derechos fundamentales.   <\/p>\n<p align=\"justify\"><img decoding=\"async\" src=\"http:\/\/2010.focolare.org\/layout\/foto2005\/20050820d.jpg\" alt=\"\" align=\"right\" border=\"0\" hspace=\"8\" \/>Queridos hermanos y hermanas, desde el coraz\u00f3n de la \u00abvieja\u00bb Europa, que en el siglo pasado, por desgracia, experiment\u00f3 horrendos conflictos y reg\u00edmenes inhumanos, los j\u00f3venes han vuelto a lanzar a la humanidad de nuestro tiempo el mensaje de la esperanza que no decepciona, pues est\u00e1 fundada sobre la Palabra de Dios, hecha carne en Jesucristo, muerto y resucitado por nuestra salvaci\u00f3n. En Colonia, los j\u00f3venes han encontrado y adorado al Emmanuel, el Dios con nosotros, en el misterio de la Eucarist\u00eda y han comprendido mejor que la Iglesia es la gran familia por la que Dios forma un espacio de comuni\u00f3n y de unidad entre todo continente, cultura y raza, por as\u00ed decir, una \u00abgran comitiva de peregrinos\u00bb guiados por Cristo, estrella radiante que ilumina la historia. Jes\u00fas se hace nuestro compa\u00f1ero de viaje en la Eucarist\u00eda, y en la Eucarist\u00eda &#8211;as\u00ed dec\u00eda en la homil\u00eda de la celebraci\u00f3n conclusiva tomando de la f\u00edsica una imagen muy conocida&#8211; produce la \u00abfisi\u00f3n nuclear\u00bb en el coraz\u00f3n m\u00e1s escondido del ser. S\u00f3lo esta \u00edntima explosi\u00f3n del bien que vence al mal puede dar vida a otras transformaciones necesarias para cambiar el mundo. Recemos, por tanto, para que los j\u00f3venes de Colonia lleven consigo la luz de Cristo, que es verdad y amor, y la difundan por doquier. De este modo podremos asistir a una nueva primavera de esperanza en Alemania, en Europa y en todo el mundo.  (Traducci\u00f3n del original italiano realizada por Zenit)<\/p>\n","protected":false},"excerpt":{"rendered":"<p>JMJ 2005\/4<\/p>\n","protected":false},"author":34,"featured_media":0,"comment_status":"open","ping_status":"open","sticky":false,"template":"","format":"standard","meta":{"give_campaign_id":0,"_seopress_robots_primary_cat":"","_seopress_titles_title":"","_seopress_titles_desc":"","_seopress_robots_index":"","_et_pb_use_builder":"","_et_pb_old_content":"","_et_gb_content_width":"","footnotes":""},"categories":[904],"tags":[],"class_list":["post-293992","post","type-post","status-publish","format-standard","hentry","category-focolare-worldwide-2-2"],"_links":{"self":[{"href":"https:\/\/www.focolare.org\/es\/wp-json\/wp\/v2\/posts\/293992","targetHints":{"allow":["GET"]}}],"collection":[{"href":"https:\/\/www.focolare.org\/es\/wp-json\/wp\/v2\/posts"}],"about":[{"href":"https:\/\/www.focolare.org\/es\/wp-json\/wp\/v2\/types\/post"}],"author":[{"embeddable":true,"href":"https:\/\/www.focolare.org\/es\/wp-json\/wp\/v2\/users\/34"}],"replies":[{"embeddable":true,"href":"https:\/\/www.focolare.org\/es\/wp-json\/wp\/v2\/comments?post=293992"}],"version-history":[{"count":0,"href":"https:\/\/www.focolare.org\/es\/wp-json\/wp\/v2\/posts\/293992\/revisions"}],"wp:attachment":[{"href":"https:\/\/www.focolare.org\/es\/wp-json\/wp\/v2\/media?parent=293992"}],"wp:term":[{"taxonomy":"category","embeddable":true,"href":"https:\/\/www.focolare.org\/es\/wp-json\/wp\/v2\/categories?post=293992"},{"taxonomy":"post_tag","embeddable":true,"href":"https:\/\/www.focolare.org\/es\/wp-json\/wp\/v2\/tags?post=293992"}],"curies":[{"name":"wp","href":"https:\/\/api.w.org\/{rel}","templated":true}]}}