{"id":294006,"date":"2005-09-15T22:00:00","date_gmt":"2005-09-15T20:00:00","guid":{"rendered":"https:\/\/www.focolare.org\/la-fuerza-del-amor-para-responder-al-reto-de-la-multi-culturalidad\/"},"modified":"2024-05-13T20:48:13","modified_gmt":"2024-05-13T18:48:13","slug":"la-fuerza-del-amor-para-responder-al-reto-de-la-multi-culturalidad","status":"publish","type":"post","link":"https:\/\/www.focolare.org\/es\/la-fuerza-del-amor-para-responder-al-reto-de-la-multi-culturalidad\/","title":{"rendered":"La fuerza del amor para responder al reto de la multi-culturalidad"},"content":{"rendered":"<p>\u00a0 <\/p>\n<p align=\"justify\"><img decoding=\"async\" src=\"http:\/\/2010.focolare.org\/layout\/foto2005\/20050919a.jpg\" alt=\"\" align=\"right\" border=\"0\" hspace=\"8\" \/><em>\u201cEl amor es el punto de apoyo para afrontar el reto de la \u00e9poca actual de la multi-culturalidad\u201d. Un amor que tiene su ra\u00edz en Dios y \u201chace de los hombres y mujeres de esta tierra <strong>\u2018personas-mundo\u2019,<\/strong> capaces de hacer de los propios valores un don, y de valorar y apreciar los valores de las otras culturas, para componer esa sabidur\u00eda global hoy tan necesaria. As\u00ed la humanidad vivir\u00e1 una interdependencia fraterna, como una sola familia que sabr\u00e1 tambi\u00e9n formarse estructuras adecuadas y expresar la din\u00e1mica entre la unidad y la diversidad\u201d.<\/em>  Este es el coraz\u00f3n del mensaje de Chiara Lubich le\u00eddo como conclusi\u00f3n de la Jornada de la Interdependencia, que se desarroll\u00f3 en Par\u00eds del 10 al 12 de septiembre.  <strong>Tres d\u00edas de eventos culturales y pol\u00edticos para afirmar la interdependencia global como estrategia c\u00edvica en favor de la justicia y la paz.<\/strong> Estaban presentes, entre otros, Harry Belafonte, Embajador Cultural de las Naciones Unidas, Bernard Kouchner, uno de los promotores de M\u00e9dicos sin Fronteras, Adam Michnik, iniciador de Solidarnosc, y numerosas personalidades pol\u00edticas.  <strong>Las Jornadas de la Interdependencia nacen enseguida despu\u00e9s de los atentados del 11 de Septiembre,<\/strong> por iniciativa del intelectual y polit\u00f3logo estadounidense dem\u00f3crata, Benjam\u00edn Barber, docente de la Universidad de Maryland, con la convicci\u00f3n de que \u201cno basta con decir no a la guerra, es necesario construir una alternativa\u201d: el Objetivo del Interdipendence Day es preparar a los individuos y a los grupos, tambi\u00e9n promoviendo acciones de formaci\u00f3n en las escuelas, y comprometerse en la cooperaci\u00f3n internacional, hasta <strong>llegar a ser ciudadanos no s\u00f3lo de las propias comunidades y naciones, sino del mundo interdependiente, <\/strong>creyendo que cada uno puede ser protagonista del cambio. Esta iniciativa es compartida por muchos que, en Estados Unidos y fuera, profesan el credo en el multilateralismo, en el di\u00e1logo entre las culturas, en la necesidad de una ciudadan\u00eda global.  <\/p>\n<p align=\"justify\"><img decoding=\"async\" src=\"http:\/\/2010.focolare.org\/layout\/foto2005\/20050919b.jpg\" alt=\"\" align=\"right\" border=\"0\" hspace=\"8\" \/>La primera jornada de la Interdependencia, patrocinada por CivWorld, tuvo lugar en el 2003 en Filadelfia \u2013ciudad de la Interdependencia Estadounidense- en contempor\u00e1nea con Budapest y en videoconexi\u00f3n con Italia, para subrayar su car\u00e1cter internacional. La edici\u00f3n 2004 se concluy\u00f3 con la firma de la Carta Europea de la Interdependencia. Desarrollada en Roma, hospedada por el alcalde de Roma Walter Veltroni, cont\u00f3 con la participaci\u00f3n, entre otros, de Chiara Lubich y Andrea Riccardi. Este a\u00f1o por el Movimiento de los Focolares, en la mesa redonda del s\u00e1bado 10, en la Universidad Americana de Par\u00eds, intervino <strong>Liliana Cosi,<\/strong> bailarina, directora de la Compa\u00f1\u00eda de Ballet Cl\u00e1sico Cosi-Stefanescu y miembro del Centro de Estudios del Movimiento de los Focolares por las disciplinas art\u00edsticas.<\/p>\n","protected":false},"excerpt":{"rendered":"<p>Politica<\/p>\n","protected":false},"author":34,"featured_media":0,"comment_status":"open","ping_status":"open","sticky":false,"template":"","format":"standard","meta":{"give_campaign_id":0,"_seopress_robots_primary_cat":"","_seopress_titles_title":"","_seopress_titles_desc":"","_seopress_robots_index":"","_et_pb_use_builder":"","_et_pb_old_content":"","_et_gb_content_width":"","footnotes":""},"categories":[904],"tags":[],"class_list":["post-294006","post","type-post","status-publish","format-standard","hentry","category-focolare-worldwide-2-2"],"_links":{"self":[{"href":"https:\/\/www.focolare.org\/es\/wp-json\/wp\/v2\/posts\/294006","targetHints":{"allow":["GET"]}}],"collection":[{"href":"https:\/\/www.focolare.org\/es\/wp-json\/wp\/v2\/posts"}],"about":[{"href":"https:\/\/www.focolare.org\/es\/wp-json\/wp\/v2\/types\/post"}],"author":[{"embeddable":true,"href":"https:\/\/www.focolare.org\/es\/wp-json\/wp\/v2\/users\/34"}],"replies":[{"embeddable":true,"href":"https:\/\/www.focolare.org\/es\/wp-json\/wp\/v2\/comments?post=294006"}],"version-history":[{"count":0,"href":"https:\/\/www.focolare.org\/es\/wp-json\/wp\/v2\/posts\/294006\/revisions"}],"wp:attachment":[{"href":"https:\/\/www.focolare.org\/es\/wp-json\/wp\/v2\/media?parent=294006"}],"wp:term":[{"taxonomy":"category","embeddable":true,"href":"https:\/\/www.focolare.org\/es\/wp-json\/wp\/v2\/categories?post=294006"},{"taxonomy":"post_tag","embeddable":true,"href":"https:\/\/www.focolare.org\/es\/wp-json\/wp\/v2\/tags?post=294006"}],"curies":[{"name":"wp","href":"https:\/\/api.w.org\/{rel}","templated":true}]}}