{"id":294014,"date":"2005-09-26T22:00:00","date_gmt":"2005-09-26T20:00:00","guid":{"rendered":"https:\/\/www.focolare.org\/obispos-de-varias-iglesias-en-rumania-acogidos-por-el-patriarca-ortodoxo-teoctist-i\/"},"modified":"2024-05-13T20:48:13","modified_gmt":"2024-05-13T18:48:13","slug":"obispos-de-varias-iglesias-en-rumania-acogidos-por-el-patriarca-ortodoxo-teoctist-i","status":"publish","type":"post","link":"https:\/\/www.focolare.org\/es\/obispos-de-varias-iglesias-en-rumania-acogidos-por-el-patriarca-ortodoxo-teoctist-i\/","title":{"rendered":"Obispos de varias Iglesias en Rumania, acogidos por el Patriarca Ortodoxo Teoctist I"},"content":{"rendered":"<p>\u00a0<img decoding=\"async\" src=\"http:\/\/2010.focolare.org\/layout\/foto2005\/20050926a.jpg\" alt=\"\" align=\"right\" border=\"0\" hspace=\"8\" \/><strong>Acogiendo la invitaci\u00f3n del Patriarca ortodoxo de Rumania, Teoctist I, <\/strong>y de su S\u00ednodo, el anual Congreso internacional de los obispos de varias Iglesias, amigos del Movimiento de los Focolares, esta vez ha sido hospedado en Bucarest, en un pa\u00eds considerado, por varios motivos, puente entre Oriente y Occidente. El mismo Patriarca ha abierto el Congreso la ma\u00f1ana del 21 de septiembre.<\/p>\n<p><strong>Los obispos presentes en Bucarest provienen de 19 pa\u00edses. <\/strong>La Iglesia Ortodoxa est\u00e1 representada por obispos del Patriarcado ecum\u00e9nico de Constantinopla, por los Patriarcas de Antioquia y Rumania, de la Iglesia ortodoxa de Serbia, Rep\u00fablica Checa y Eslovaquia. Los exponentes de la Iglesia siro-ortodoxa provienen de Siria, India y Holanda. Est\u00e1n representadas adem\u00e1s la Comuni\u00f3n anglicana (Inglaterra e Italia), las Iglesias evang\u00e9lico-luteranas de Alemania, Suecia, Noruega, Gran Breta\u00f1a, Rumania y Estados Unidos, la Iglesia metodista (Brasil). Adem\u00e1s de 10 obispos cat\u00f3licos de varios pa\u00edses.<\/p>\n<p><strong>\u201cLa presencia del Resucitado en medio de su pueblo: centro de la vida eclesial y fulcro de nuestro testimonio com\u00fan\u201d,<\/strong> es el centro de las reflexiones del Congreso, como reza el t\u00edtulo. Es este misterio de Jes\u00fas, que se hace presente, como ha prometido, entre \u201cdos o tres reunidos en su nombre\u201d, que los obispos desean profundizar como camino para la comunicaci\u00f3n de la fe en el tiempo presente y para una comuni\u00f3n cada vez m\u00e1s plena de la Iglesia de Cristo. Se intercalaron temas de profundizaci\u00f3n teol\u00f3gicos y espirituales, y no falt\u00f3 el di\u00e1logo y el intercambio de experiencias que demuestra la acci\u00f3n del Resucitado en la vida cotidiana en los diversos ambientes.<\/p>\n<p><strong>Sobre esta \u2018presencia\u2019, Chiara Lubich ha dado un importante aporte<\/strong> con una conversaci\u00f3n videogabrada, precisamente porque esta presencia de Jes\u00fas en la comunidad es lo espec\u00edfico de su Carisma de unidad.<\/p>\n<p>El encuentro con la vida mon\u00e1stica, la liturgia, la iconograf\u00eda oriental, tan vivamente presentes en Rumania, han sido de estimulo y enriquecimiento y ha favorecido una comuni\u00f3n m\u00e1s profunda con la Iglesia rumano-ortodoxa y con las otras Iglesias presentes en esa tierra.<\/p>\n<p>Al mismo tiempo, los obispos provenientes de diversos continentes, han podido ofrecer su testimonio de comuni\u00f3n fraterna a este pueblo que ante el grito \u201cunitate, unitate\u201d ha sabido dar un impulso inolvidable a la causa de la unidad de los Cristianos, cuando Juan Pablo II, en 1999 visit\u00f3 ese pa\u00eds.<\/p>\n","protected":false},"excerpt":{"rendered":"<p>Ecumenismo<\/p>\n","protected":false},"author":34,"featured_media":0,"comment_status":"open","ping_status":"open","sticky":false,"template":"","format":"standard","meta":{"give_campaign_id":0,"_seopress_robots_primary_cat":"","_seopress_titles_title":"","_seopress_titles_desc":"","_seopress_robots_index":"","_et_pb_use_builder":"","_et_pb_old_content":"","_et_gb_content_width":"","footnotes":""},"categories":[904],"tags":[],"class_list":["post-294014","post","type-post","status-publish","format-standard","hentry","category-focolare-worldwide-2-2"],"_links":{"self":[{"href":"https:\/\/www.focolare.org\/es\/wp-json\/wp\/v2\/posts\/294014","targetHints":{"allow":["GET"]}}],"collection":[{"href":"https:\/\/www.focolare.org\/es\/wp-json\/wp\/v2\/posts"}],"about":[{"href":"https:\/\/www.focolare.org\/es\/wp-json\/wp\/v2\/types\/post"}],"author":[{"embeddable":true,"href":"https:\/\/www.focolare.org\/es\/wp-json\/wp\/v2\/users\/34"}],"replies":[{"embeddable":true,"href":"https:\/\/www.focolare.org\/es\/wp-json\/wp\/v2\/comments?post=294014"}],"version-history":[{"count":0,"href":"https:\/\/www.focolare.org\/es\/wp-json\/wp\/v2\/posts\/294014\/revisions"}],"wp:attachment":[{"href":"https:\/\/www.focolare.org\/es\/wp-json\/wp\/v2\/media?parent=294014"}],"wp:term":[{"taxonomy":"category","embeddable":true,"href":"https:\/\/www.focolare.org\/es\/wp-json\/wp\/v2\/categories?post=294014"},{"taxonomy":"post_tag","embeddable":true,"href":"https:\/\/www.focolare.org\/es\/wp-json\/wp\/v2\/tags?post=294014"}],"curies":[{"name":"wp","href":"https:\/\/api.w.org\/{rel}","templated":true}]}}