{"id":294046,"date":"2005-10-31T21:00:00","date_gmt":"2005-10-31T20:00:00","guid":{"rendered":"https:\/\/www.focolare.org\/la-fuerza-del-evangelio-en-los-campos-de-refugiados\/"},"modified":"2024-05-13T20:48:28","modified_gmt":"2024-05-13T18:48:28","slug":"la-fuerza-del-evangelio-en-los-campos-de-refugiados","status":"publish","type":"post","link":"https:\/\/www.focolare.org\/es\/la-fuerza-del-evangelio-en-los-campos-de-refugiados\/","title":{"rendered":"La fuerza del Evangelio en los campos de refugiados"},"content":{"rendered":"<p><em>En octubre, como conclusi\u00f3n de la Semana Mundo Unido 2005, se realiz\u00f3 una conferencia telef\u00f3nica que conect\u00f3 a j\u00f3venes de todas las latitudes. Dos amigos han contado su experiencia desde Tanzania. Despu\u00e9s de haber escapado de Burundi cuando estall\u00f3 la guerra, se refugiaron en un campo de la regi\u00f3n de Kigoma, donde han dado testimonio de la fuerza de la unidad y de la coherencia cristiana, que hace fuertes y mansos, llevando junto a otros, tambi\u00e9n al campo, un rayo de esperanza. Ahora ambos han iniciado a estudiar en la Facultad de Periodismo. Pudieron salir del campo de refugiados gracias a las becas recibidas a trav\u00e9s del Proyecto \u00c1frica.<\/em>  \u00abCuando comenz\u00f3 la guerra en Burundi en 1993, -cuenta R.- yo estaba en casa con mi familia, era un muchacho y trataba de vivir el Evangelio. Era all\u00ed, -en el Evangelio (n.d.t.)-, donde a pesar del clima de odio y violencia, encontraba la fuerza de seguir amando a todos, tambi\u00e9n a los enemigos, y la certeza de que el bien siempre vence al mal. Un d\u00eda, con mi familia, ayudamos a algunos ni\u00f1os de otra etnia. Habr\u00edamos debido considerarlos enemigos&#8230; en cambio conseguimos salvarlos arriesgando nuestra propia vida.  En 1996 la situaci\u00f3n empeor\u00f3, y en mi escuela hab\u00eda mucha violencia y fui torturado. Pero tambi\u00e9n en aquella dolorosa situaci\u00f3n le ped\u00ed a Dios que me diera la fuerza de perdonar y de ayudar a esos hermanos m\u00edos a cambiar de vida. Como mi vida corr\u00eda peligro, me vi obligado a huir a los campos de refugiados de Tanzania en la regi\u00f3n de Kigoma. All\u00ed he vivido durante 9 a\u00f1os\u00bb.  \u00abNuestra vida en los campos \u2013contin\u00faa K.- no ha sido f\u00e1cil: hemos tenido que afrontar grandes dificultades: falta de techo, de comida, de ropa&#8230; pero en todo esto nos ha ayudado la elecci\u00f3n de vivir coherentemente el cristianismo, una elecci\u00f3n que nos ha llevado a hacer de cada dificultad un trampol\u00edn y a transformarla en amor.  En nuestro campo \u00e9ramos 42 J\u00f3venes por un Mundo Unido muy comprometidos: este a\u00f1o pudimos construir nosotros mismos dos caba\u00f1as con barro y hierba para dos ancianos refugiados que no ten\u00edan d\u00f3nde estar. Tambi\u00e9n hemos ido a dos escuelas superiores del campo para compartir con los dem\u00e1s j\u00f3venes nuestras experiencias del Evangelio vivido. Con la ayuda concreta de tantos j\u00f3venes del mundo, a trav\u00e9s del Proyecto \u00c1frica, hemos podido poner en marcha varios peque\u00f1os comercios, como la venta de mandioca, de harina de ma\u00edz y de aceite de palma.  Hace algunas semanas, hemos recibido un regalo inesperado, siempre gracias a estas ayudas: nos ha sido posible salir del campo de refugiados y transferirnos a Tanzania con dos becas, con las cuales ahora podemos empezar a frecuentar la Facultad de Periodismo\u00bb.  (R. e K. \u2013 Tanzania)<\/p>\n","protected":false},"excerpt":{"rendered":"<p>Testimonios<\/p>\n","protected":false},"author":34,"featured_media":0,"comment_status":"open","ping_status":"open","sticky":false,"template":"","format":"standard","meta":{"give_campaign_id":0,"_seopress_robots_primary_cat":"","_seopress_titles_title":"","_seopress_titles_desc":"","_seopress_robots_index":"","_et_pb_use_builder":"","_et_pb_old_content":"","_et_gb_content_width":"","footnotes":""},"categories":[904],"tags":[],"class_list":["post-294046","post","type-post","status-publish","format-standard","hentry","category-focolare-worldwide-2-2"],"_links":{"self":[{"href":"https:\/\/www.focolare.org\/es\/wp-json\/wp\/v2\/posts\/294046","targetHints":{"allow":["GET"]}}],"collection":[{"href":"https:\/\/www.focolare.org\/es\/wp-json\/wp\/v2\/posts"}],"about":[{"href":"https:\/\/www.focolare.org\/es\/wp-json\/wp\/v2\/types\/post"}],"author":[{"embeddable":true,"href":"https:\/\/www.focolare.org\/es\/wp-json\/wp\/v2\/users\/34"}],"replies":[{"embeddable":true,"href":"https:\/\/www.focolare.org\/es\/wp-json\/wp\/v2\/comments?post=294046"}],"version-history":[{"count":0,"href":"https:\/\/www.focolare.org\/es\/wp-json\/wp\/v2\/posts\/294046\/revisions"}],"wp:attachment":[{"href":"https:\/\/www.focolare.org\/es\/wp-json\/wp\/v2\/media?parent=294046"}],"wp:term":[{"taxonomy":"category","embeddable":true,"href":"https:\/\/www.focolare.org\/es\/wp-json\/wp\/v2\/categories?post=294046"},{"taxonomy":"post_tag","embeddable":true,"href":"https:\/\/www.focolare.org\/es\/wp-json\/wp\/v2\/tags?post=294046"}],"curies":[{"name":"wp","href":"https:\/\/api.w.org\/{rel}","templated":true}]}}