{"id":294058,"date":"2005-11-25T21:00:00","date_gmt":"2005-11-25T20:00:00","guid":{"rendered":"https:\/\/www.focolare.org\/la-fraternidad-para-humanizar-la-justicia-nuevas-perspectivas-tambien-a-nivel-cultural\/"},"modified":"2024-05-13T20:48:29","modified_gmt":"2024-05-13T18:48:29","slug":"la-fraternidad-para-humanizar-la-justicia-nuevas-perspectivas-tambien-a-nivel-cultural","status":"publish","type":"post","link":"https:\/\/www.focolare.org\/es\/la-fraternidad-para-humanizar-la-justicia-nuevas-perspectivas-tambien-a-nivel-cultural\/","title":{"rendered":"La fraternidad para humanizar la justicia. Nuevas perspectivas tambi\u00e9n a nivel cultural"},"content":{"rendered":"<p align=\"justify\"><img decoding=\"async\" src=\"http:\/\/2010.focolare.org\/layout\/foto2005\/051118-01.jpg\" alt=\"\" align=\"left\" border=\"0\" hspace=\"5\" vspace=\"5\" \/><strong>La fraternidad puede convertirse en nueva linfa para revitalizar las relaciones y humanizar la justicia, y abre nuevas perspectivas tambi\u00e9n a nivel cultural.<\/strong> Es \u00e9ste el dato m\u00e1s significativo emergido de las 3 intensas jornadas de confrontaci\u00f3n entre los casi 700 trabajadores del campo: magistrados, docentes universitarios, abogados y estudiantes, venidos a Castelgandolfo de m\u00e1s de 35 pa\u00edses de 4 continentes, para interrogarse sobre el tema: <em>\u201cRelaciones en el Derecho. \u00bfQu\u00e9 espacio tiene la fraternidad?\u201d <\/em>una iniciativa del grupo internacional \u201cComuni\u00f3n y Derecho\u201d de los Focolares.<\/p>\n<p><strong>El impacto de la fraternidad en los distintos \u00e1mbitos del Derecho se hace evidente sobre todo en las muchas experiencias <\/strong>vividas en los frentes y en los pa\u00edses m\u00e1s diversos: en Per\u00fa, en la resoluci\u00f3n de graves conflictos entre los campesinos y algunas compa\u00f1\u00edas mineras que pretend\u00edan explotar las tierras habitadas por ellos desde siempre; as\u00ed como en Europa, con magistrados y abogados comprometidos en primera l\u00ednea en salvaguardar los valores de la fraternidad en el Derecho de Familia; en Suram\u00e9rica, en el campo del Derecho de Menores, o, en Estados Unidos y Austria, siguiendo nuevos caminos para la reintegraci\u00f3n de los ex-presidiarios a la comunidad; y todav\u00eda en el trabajo para transformar el Derecho Internacional en Derecho de los pueblos y no s\u00f3lo de los Estados. De este modo, de la vida puede surgir una elaboraci\u00f3n cultural.<\/p>\n<p><strong>El congreso se abri\u00f3 con un mensaje de Chiara Lubich,<\/strong> fundadora de los Focolares. \u201c\u00bfEn sus palabras se encuentra, una clave que puede iluminar la tarea de quienes trabajan en el campo del Derecho, precisamente en direcci\u00f3n hacia la fraternidad\u201d? Responde, en una entrevista para Radio Vaticana, el Prof. Fausto Goria, docente de Derecho Romano de la Universidad de Tur\u00edn:<\/p>\n<p><em>Ciertamente Chiara ha dicho una cosa important\u00edsima: que en el plan de Dios -as\u00ed como ella, que es una persona carism\u00e1tica, lo ve- la relaci\u00f3n entre las personas debe ser un don rec\u00edproco, y es en esta relaci\u00f3n de donaci\u00f3n rec\u00edproca que cada uno se realiza como persona. Y esto vale tambi\u00e9n para los grupos, para los Estados. El hecho de traducir en experiencia y despu\u00e9s en norma jur\u00eddica este principio, creo que requiera cierto n\u00famero de a\u00f1os &#8211; pero podr\u00e1 aportar una interesante y \u00fatil perspectiva de desarrollo.<\/em><\/p>\n","protected":false},"excerpt":{"rendered":"<p>Derecho<\/p>\n","protected":false},"author":34,"featured_media":0,"comment_status":"open","ping_status":"open","sticky":false,"template":"","format":"standard","meta":{"give_campaign_id":0,"_seopress_robots_primary_cat":"","_seopress_titles_title":"","_seopress_titles_desc":"","_seopress_robots_index":"","_et_pb_use_builder":"","_et_pb_old_content":"","_et_gb_content_width":"","footnotes":""},"categories":[46],"tags":[],"class_list":["post-294058","post","type-post","status-publish","format-standard","hentry","category-sin-categorizar"],"_links":{"self":[{"href":"https:\/\/www.focolare.org\/es\/wp-json\/wp\/v2\/posts\/294058","targetHints":{"allow":["GET"]}}],"collection":[{"href":"https:\/\/www.focolare.org\/es\/wp-json\/wp\/v2\/posts"}],"about":[{"href":"https:\/\/www.focolare.org\/es\/wp-json\/wp\/v2\/types\/post"}],"author":[{"embeddable":true,"href":"https:\/\/www.focolare.org\/es\/wp-json\/wp\/v2\/users\/34"}],"replies":[{"embeddable":true,"href":"https:\/\/www.focolare.org\/es\/wp-json\/wp\/v2\/comments?post=294058"}],"version-history":[{"count":0,"href":"https:\/\/www.focolare.org\/es\/wp-json\/wp\/v2\/posts\/294058\/revisions"}],"wp:attachment":[{"href":"https:\/\/www.focolare.org\/es\/wp-json\/wp\/v2\/media?parent=294058"}],"wp:term":[{"taxonomy":"category","embeddable":true,"href":"https:\/\/www.focolare.org\/es\/wp-json\/wp\/v2\/categories?post=294058"},{"taxonomy":"post_tag","embeddable":true,"href":"https:\/\/www.focolare.org\/es\/wp-json\/wp\/v2\/tags?post=294058"}],"curies":[{"name":"wp","href":"https:\/\/api.w.org\/{rel}","templated":true}]}}