{"id":294068,"date":"2005-12-24T23:00:00","date_gmt":"2005-12-24T22:00:00","guid":{"rendered":"https:\/\/www.focolare.org\/navidad-2005-nuevo-ano-2006\/"},"modified":"2024-05-13T20:48:30","modified_gmt":"2024-05-13T18:48:30","slug":"navidad-2005-nuevo-ano-2006","status":"publish","type":"post","link":"https:\/\/www.focolare.org\/es\/navidad-2005-nuevo-ano-2006\/","title":{"rendered":"Navidad 2005 \u2013 Nuevo A\u00f1o 2006"},"content":{"rendered":"<p>Es Navidad.<\/p>\n<p><img decoding=\"async\" src=\"http:\/\/2010.focolare.org\/layout\/foto2005\/051220-01.jpg\" alt=\"\" align=\"left\" border=\"0\" hspace=\"5\" vspace=\"5\" \/>Las vidrieras de los negocios est\u00e1n engalanadas festivamente: globos dorados, peque\u00f1os \u00e1rboles de navidad, ofertas de regalos preciosos. A la noche las calles brillan de estrellas fugaces o de cometas; los \u00e1rboles de las veredas con sus ramas cargadas de luces rojas, azules o blancas dan vida a paisajes surrealistas&#8230;<\/p>\n<p>Hay clima de espera. Todos se sienten involucrados\u2026<br \/> Navidad no es solamente un recuerdo tradicional: el nacimiento de ese ni\u00f1o, 2005 a\u00f1os atr\u00e1s\u2026 \u00a1Navidad vive! Y no solo en las iglesias, con los pesebres, sino entre la gente, por el clima de alegr\u00eda, de amistad, de bondad, que cada a\u00f1o genera.<\/p>\n<p>Y sin embargo todav\u00eda hoy el mundo est\u00e1 convulsionado por problemas enormes: la pobreza hasta el hambre, el terremoto en Pakist\u00e1n, decenas de guerras, el terrorismo, el odio entre etnias, pero tambi\u00e9n entre grupos y entre personas&#8230;<\/p>\n<p>Hace falta el Amor. Es necesario que Jes\u00fas regrese con potencia.<br \/> El Ni\u00f1o Jes\u00fas siempre es el inmenso regalo del Padre a la humanidad, aunque no todos lo reconozcan.<\/p>\n<p>Nosotros debemos ofrecer nuestro agradecimiento al Padre tambi\u00e9n en nombre de ellos. Debemos festejar Navidad y renovar nuestra fe en el peque\u00f1o ni\u00f1o-Dios que vino a salvarnos, a crear una nueva familia de hermanos unidos por el amor, extendida por toda la tierra.<\/p>\n<p>Miremos a nuestro alrededor&#8230; Que este amor se dirija a todos, pero en particular a quien sufre, a los m\u00e1s necesitados, a los que est\u00e1n solos, que son pobres, peque\u00f1os y enfermos\u2026 Que la comuni\u00f3n de afectos y bienes con ellos haga resplandecer una familia de verdaderos hermanos que festejan juntos Navidad, y que va m\u00e1s all\u00e1 de esto&#8230;<\/p>\n<p>\u00bfQui\u00e9n podr\u00e1 resistir a la potencia del amor?<br \/> A la luz de Navidad ofrezcamos gestos, provoquemos acciones concretas. Parecer\u00e1n peque\u00f1os remedios al mal, pero aplicados en amplia escala pueden ser luz y soluci\u00f3n a los graves problemas del mundo.<\/p>\n<p>\u00a1Feliz Navidad para todos!<\/p>\n<p>Chiara Lubich<\/p>\n","protected":false},"excerpt":{"rendered":"<p>Feliz Navidad y Prospero A\u00f1o Nuevo!<\/p>\n","protected":false},"author":34,"featured_media":0,"comment_status":"open","ping_status":"open","sticky":false,"template":"","format":"standard","meta":{"give_campaign_id":0,"_seopress_robots_primary_cat":"","_seopress_titles_title":"","_seopress_titles_desc":"","_seopress_robots_index":"","_et_pb_use_builder":"","_et_pb_old_content":"","_et_gb_content_width":"","footnotes":""},"categories":[46],"tags":[],"class_list":["post-294068","post","type-post","status-publish","format-standard","hentry","category-sin-categorizar"],"_links":{"self":[{"href":"https:\/\/www.focolare.org\/es\/wp-json\/wp\/v2\/posts\/294068","targetHints":{"allow":["GET"]}}],"collection":[{"href":"https:\/\/www.focolare.org\/es\/wp-json\/wp\/v2\/posts"}],"about":[{"href":"https:\/\/www.focolare.org\/es\/wp-json\/wp\/v2\/types\/post"}],"author":[{"embeddable":true,"href":"https:\/\/www.focolare.org\/es\/wp-json\/wp\/v2\/users\/34"}],"replies":[{"embeddable":true,"href":"https:\/\/www.focolare.org\/es\/wp-json\/wp\/v2\/comments?post=294068"}],"version-history":[{"count":0,"href":"https:\/\/www.focolare.org\/es\/wp-json\/wp\/v2\/posts\/294068\/revisions"}],"wp:attachment":[{"href":"https:\/\/www.focolare.org\/es\/wp-json\/wp\/v2\/media?parent=294068"}],"wp:term":[{"taxonomy":"category","embeddable":true,"href":"https:\/\/www.focolare.org\/es\/wp-json\/wp\/v2\/categories?post=294068"},{"taxonomy":"post_tag","embeddable":true,"href":"https:\/\/www.focolare.org\/es\/wp-json\/wp\/v2\/tags?post=294068"}],"curies":[{"name":"wp","href":"https:\/\/api.w.org\/{rel}","templated":true}]}}