{"id":294074,"date":"2006-01-09T23:00:00","date_gmt":"2006-01-09T22:00:00","guid":{"rendered":"https:\/\/www.focolare.org\/companeros-de-viaje-en-los-senderos-de-la-reconciliacion\/"},"modified":"2024-05-13T20:48:31","modified_gmt":"2024-05-13T18:48:31","slug":"companeros-de-viaje-en-los-senderos-de-la-reconciliacion","status":"publish","type":"post","link":"https:\/\/www.focolare.org\/es\/companeros-de-viaje-en-los-senderos-de-la-reconciliacion\/","title":{"rendered":"Compa\u00f1eros de viaje en los senderos de la reconciliaci\u00f3n"},"content":{"rendered":"<p>\u00a0<\/p>\n<p>E. : <strong>Crec\u00ed en un peque\u00f1o pueblo s\u00f3lo de cat\u00f3licos<\/strong>.\u00a0Me di cuenta de la divisi\u00f3n entre las confesiones en el momento de proseguir los estudios para poder dar clases en la escuela.\u00a0Viv\u00eda en Norimberg donde hab\u00eda una universidad evang\u00e9lica de Pedagog\u00eda.\u00a0Las escuelas entonces estaban r\u00edgidamente divididas en cat\u00f3licas y evang\u00e9licas.\u00a0Para no correr el riesgo de no encontrar nunca un trabajo, tuve que buscarme una universidad cat\u00f3lica y transferirme a Eichst\u00e4tt.<\/p>\n<p>P. : <strong>Transcurr\u00ed mi juventud en Ochsenfurt en el Meno<\/strong>. Nosotros evang\u00e9licos viv\u00edamos en la di\u00e1spora.\u00a0No ten\u00edamos ning\u00fan contacto con la parroquia cat\u00f3lica.\u00a0A finales de los a\u00f1os \u201960 frecuent\u00e9 en Munich un curso de especializaci\u00f3n para escuelas diferenciales.<\/p>\n<p>E. : <strong>Tambi\u00e9n yo formaba parte del mismo curso y all\u00ed nos conocimos y empezamos a frecuentarnos<\/strong>.\u00a0En un primer momento dejamos de lado la idea de formar una familia.\u00a0 Entonces nuestras dos Iglesias pon\u00edan en guardia contra los as\u00ed llamados matrimonios \u201cmixtos\u201d.<\/p>\n<p><strong>Por una coincidencia recib\u00ed de una amiga una invitaci\u00f3n para un viaje a Roma<\/strong>.\u00a0 Lo le\u00ed superficialmente, pensando en un paseo tur\u00edstico, decid\u00ed formar parte.\u00a0 Me encontr\u00e9 en un encuentro ecum\u00e9nico del \u201cCentro Uno\u201d del Movimiento de los Focolares, del cual no conoc\u00eda nada.\u00a0 Al inicio no estaba para nada entusiasmada, pero despu\u00e9s me fascin\u00f3 la explicaci\u00f3n hecha por Chiara Lubich de las palabras de Jes\u00fas del Evangelio de Mateo:\u00a0 \u201cDonde dos o tres se re\u00fanen en Mi nombre, all\u00ed estoy yo en medio de ellos\u201d (Mt. 18, 20).\u00a0 No se dec\u00eda: \u201cDonde dos o m\u00e1s cat\u00f3licos&#8230;\u201d, ni tampoco \u201cDonde dos o m\u00e1s evang\u00e9licos&#8230;\u201d, sino \u201cDonde dos o tres reunidos en Mi nombre, all\u00ed estoy yo en medio de ellos\u201d.\u00a0 Al encuentro siguiente invit\u00e9 tambi\u00e9n a mi amigo.<\/p>\n<p> \u00a0<\/p>\n<p> P. : <strong>Encontramos el valor para formar juntos una familia<\/strong>.\u00a0 Me propuse amar a la Iglesia de mi esposa como a la m\u00eda.\u00a0 Naturalmente tambi\u00e9n yo ten\u00eda dificultades para aceptar formas de piedad t\u00edpicamente cat\u00f3licas, como cuando nuestras hijas formaron parte con orgullo, todas vestidas de blanco, de la procesi\u00f3n del \u201cCorpus Domini\u201d. Tambi\u00e9n yo fui, pero s\u00f3lo por amor a mi familia.<\/p>\n<p>E. : <strong>Para m\u00ed era nuevo e ins\u00f3lito que \u00e9l leyera todos los d\u00edas una parte de la Biblia<\/strong>, seg\u00fan su tradici\u00f3n evang\u00e9lica.\u00a0 Por poco tiempo lo dej\u00e9 solo, despu\u00e9s \u2013al inicio s\u00f3lo por amor a \u00e9l- lo acompa\u00f1\u00e9.\u00a0 Hoy d\u00eda no podr\u00eda no hacerlo.\u00a0 Desde cuando hicimos nuestra la meditaci\u00f3n de Chiara Lubich sobre Jes\u00fas en medio, concluimos con la promesa com\u00fan de hacer de todo para que \u00c9l est\u00e9 presente entre nosotros.\u00a0 A pesar de nuestros errores, l\u00edmites y debilidades, tratamos de permanecer en el amor rec\u00edproco y de recomenzar siempre.<\/p>\n<p>(E. e P. \u2013 Alemania)<\/p>\n","protected":false},"excerpt":{"rendered":"<p>A Catholic-Evangelical Lutheran couple share their experience<\/p>\n","protected":false},"author":34,"featured_media":0,"comment_status":"open","ping_status":"open","sticky":false,"template":"","format":"standard","meta":{"give_campaign_id":0,"_seopress_robots_primary_cat":"","_seopress_titles_title":"","_seopress_titles_desc":"","_seopress_robots_index":"","_et_pb_use_builder":"","_et_pb_old_content":"","_et_gb_content_width":"","footnotes":""},"categories":[46],"tags":[],"class_list":["post-294074","post","type-post","status-publish","format-standard","hentry","category-sin-categorizar"],"_links":{"self":[{"href":"https:\/\/www.focolare.org\/es\/wp-json\/wp\/v2\/posts\/294074","targetHints":{"allow":["GET"]}}],"collection":[{"href":"https:\/\/www.focolare.org\/es\/wp-json\/wp\/v2\/posts"}],"about":[{"href":"https:\/\/www.focolare.org\/es\/wp-json\/wp\/v2\/types\/post"}],"author":[{"embeddable":true,"href":"https:\/\/www.focolare.org\/es\/wp-json\/wp\/v2\/users\/34"}],"replies":[{"embeddable":true,"href":"https:\/\/www.focolare.org\/es\/wp-json\/wp\/v2\/comments?post=294074"}],"version-history":[{"count":0,"href":"https:\/\/www.focolare.org\/es\/wp-json\/wp\/v2\/posts\/294074\/revisions"}],"wp:attachment":[{"href":"https:\/\/www.focolare.org\/es\/wp-json\/wp\/v2\/media?parent=294074"}],"wp:term":[{"taxonomy":"category","embeddable":true,"href":"https:\/\/www.focolare.org\/es\/wp-json\/wp\/v2\/categories?post=294074"},{"taxonomy":"post_tag","embeddable":true,"href":"https:\/\/www.focolare.org\/es\/wp-json\/wp\/v2\/tags?post=294074"}],"curies":[{"name":"wp","href":"https:\/\/api.w.org\/{rel}","templated":true}]}}