{"id":294078,"date":"2006-01-19T23:00:00","date_gmt":"2006-01-19T22:00:00","guid":{"rendered":"https:\/\/www.focolare.org\/al-obispo-luterano-christian-krause-eminente-ecumenista-el-premio-klaus-hemmerle\/"},"modified":"2024-05-13T20:48:31","modified_gmt":"2024-05-13T18:48:31","slug":"al-obispo-luterano-christian-krause-eminente-ecumenista-el-premio-klaus-hemmerle","status":"publish","type":"post","link":"https:\/\/www.focolare.org\/es\/al-obispo-luterano-christian-krause-eminente-ecumenista-el-premio-klaus-hemmerle\/","title":{"rendered":"Al Obispo luterano Christian Krause, eminente ecumenista, el premio \u201cKlaus Hemmerle\u201d"},"content":{"rendered":"<p><strong><img decoding=\"async\" src=\"http:\/\/2010.focolare.org\/layout\/foto2006\/060119-02.jpg\" alt=\"\" align=\"left\" border=\"0\" hspace=\"5\" vspace=\"5\" \/>El premio intitulado a Klaus Hemmerle se le confiri\u00f3 este a\u00f1o al Obispo luterano Christian Krause, el pasado 20 de enero, en la catedral imperial de Aquisgrana<\/strong>. Para Christian Krause tiene un significado muy especial:\u00a0<em>\u00abEs un premio que primero que nada me toca el coraz\u00f3n sobretodo porque es el recuerdo de una persona maravillosa: Klaus Hemmerle\u00bb. <\/em>  <strong>Es la segunda vez que este premio es otorgado en conmemoraci\u00f3n del difunto Obispo de Aquisgrana<\/strong>, un pionero de la vida ecum\u00e9nica de la Iglesia alemana y al mismo tiempo gran te\u00f3logo, que en el \u00e1mbito de los Focolares hab\u00eda encontrado su \u201clinfa vital\u201d.\u00a0 La primera edici\u00f3n del premio fue para el profesor hebreo Ernst-Ludwig Ehrlich, en el 2003; esta segunda vez el beneficiario es un exponente eminente del luteranismo mundial y un ecumenista de verdadera pasi\u00f3n.  <strong>Krause, amigo de Hemmerle, ha sido constructor de puentes en las m\u00e1s variadas situaciones de su vida<\/strong>.\u00a0En 1971 fue llamado a dirigir un gran proyecto en favor de los refugiados de la Federaci\u00f3n Luterana Mundial en Tanzania.\u00a0 De 1972 a 1985 le fueron confiadas las relaciones con el extranjero de la Iglesia evang\u00e9lico-luterana en Alemania.\u00a0 En tal funci\u00f3n, y sucesivamente como Secretario General de la \u201cJornada Evang\u00e9lica de la Iglesia\u201d (1985-1994), se dedic\u00f3 con gran empe\u00f1o al ecumenismo y a la solidaridad, a nivel mundial.\u00a0 Una profunda amistad lo une a numeros\u00edsimos cristianos en todo el mundo, sobre todo en \u00c1frica, Asia y Am\u00e9rica Latina.\u00a0 Fruto de esta confianza ha sido el hecho que, despu\u00e9s de su consagraci\u00f3n como obispo de la Iglesia regional de Braunschweig, durante la reuni\u00f3n plenaria de la Federaci\u00f3n Mundial Luterana en Hong Kong en 1997, fue electo Presidente de la misma.\u00a0 <strong>En este papel firm\u00f3 en 1999, en Augsburg, la Declaraci\u00f3n conjunta sobre la Doctrina de la Justificaci\u00f3n, junto con el Cardenal cat\u00f3lico Edward I. Cassidy<\/strong>.  <strong>Hoy el obispo Krause dirige el Centro luterano de Wittenberg, en la ciudad de la cual parti\u00f3, en 1517, la reforma de Lutero<\/strong>.\u00a0 La idea que ha dado origen a este Centro es la de ofrecer al siempre creciente \u201cturismo luterano\u201d \u00abun respiro espiritual, ecum\u00e9nico y mundial\u00bb.\u00a0 Para el futuro de la Iglesia, auspicia una nueva relaci\u00f3n entre la jerarqu\u00eda y los movimientos espirituales y carism\u00e1ticos.\u00a0 \u00abDe all\u00ed podr\u00eda nacer una comprensi\u00f3n de la Iglesia del todo nueva\u00bb, afirm\u00f3 Christian Krause. Su modelo de ecumenismo es el compartido con el mismo Klaus Hemmerle: \u00abDebemos aprender, en todos los niveles, a ser amigos y\u00a0 a tratarnos como tales\u00bb.  (de Joachim Schwind &#8211; Revista Citt\u00e0 Nuova \u2013 n. 1\/06)<\/p>\n","protected":false},"excerpt":{"rendered":"<p>Se le asigna a los \u00abconstructores de puentes que favorecen el di\u00e1logo entre las Iglesias, las religiones y los diversos puntos de vista sobre el mundo<\/p>\n","protected":false},"author":34,"featured_media":0,"comment_status":"open","ping_status":"open","sticky":false,"template":"","format":"standard","meta":{"give_campaign_id":0,"_seopress_robots_primary_cat":"","_seopress_titles_title":"","_seopress_titles_desc":"","_seopress_robots_index":"","_et_pb_use_builder":"","_et_pb_old_content":"","_et_gb_content_width":"","footnotes":""},"categories":[46],"tags":[],"class_list":["post-294078","post","type-post","status-publish","format-standard","hentry","category-sin-categorizar"],"_links":{"self":[{"href":"https:\/\/www.focolare.org\/es\/wp-json\/wp\/v2\/posts\/294078","targetHints":{"allow":["GET"]}}],"collection":[{"href":"https:\/\/www.focolare.org\/es\/wp-json\/wp\/v2\/posts"}],"about":[{"href":"https:\/\/www.focolare.org\/es\/wp-json\/wp\/v2\/types\/post"}],"author":[{"embeddable":true,"href":"https:\/\/www.focolare.org\/es\/wp-json\/wp\/v2\/users\/34"}],"replies":[{"embeddable":true,"href":"https:\/\/www.focolare.org\/es\/wp-json\/wp\/v2\/comments?post=294078"}],"version-history":[{"count":0,"href":"https:\/\/www.focolare.org\/es\/wp-json\/wp\/v2\/posts\/294078\/revisions"}],"wp:attachment":[{"href":"https:\/\/www.focolare.org\/es\/wp-json\/wp\/v2\/media?parent=294078"}],"wp:term":[{"taxonomy":"category","embeddable":true,"href":"https:\/\/www.focolare.org\/es\/wp-json\/wp\/v2\/categories?post=294078"},{"taxonomy":"post_tag","embeddable":true,"href":"https:\/\/www.focolare.org\/es\/wp-json\/wp\/v2\/tags?post=294078"}],"curies":[{"name":"wp","href":"https:\/\/api.w.org\/{rel}","templated":true}]}}