{"id":294086,"date":"2006-01-31T23:00:00","date_gmt":"2006-01-31T22:00:00","guid":{"rendered":"https:\/\/www.focolare.org\/fue-a-un-lugar-desierto-alli-estuvo-orando-mc-1-35\/"},"modified":"2024-05-13T20:48:32","modified_gmt":"2024-05-13T18:48:32","slug":"fue-a-un-lugar-desierto-alli-estuvo-orando-mc-1-35","status":"publish","type":"post","link":"https:\/\/www.focolare.org\/es\/fue-a-un-lugar-desierto-alli-estuvo-orando-mc-1-35\/","title":{"rendered":"\u00ab&#8230; fue a un lugar desierto; all\u00ed estuvo orando\u00bb (Mc 1, 35)"},"content":{"rendered":"<p>\u00a0  \u00a1Qu\u00e9 d\u00eda pleno hab\u00eda vivido Jes\u00fas ese s\u00e1bado en la ciudad de Cafarna\u00fan! Hab\u00eda hablado en la sinagoga y asombrado a todos con sus ense\u00f1anzas. Hab\u00eda liberado a un hombre pose\u00eddo por un esp\u00edritu inmundo. Al salir de la sinagoga se hab\u00eda dirigido a casa de Sim\u00f3n y de Andr\u00e9s, y all\u00ed hab\u00eda curado a la suegra de Sim\u00f3n. Al llegar la noche, despu\u00e9s de la ca\u00edda del sol, le hab\u00edan llevado a todos los enfermos y endemoniados, y hab\u00eda curado a muchos que padec\u00edan diversas enfermedades y expulsado muchos demonios. Despu\u00e9s de un d\u00eda y una noche tan intensas, a la ma\u00f1ana siguiente, cuando todav\u00eda estaba aclarando, Jes\u00fas se levant\u00f3 y, al salir de la casa  \u00ab\u2026 fue a un lugar desierto; all\u00ed estuvo orando\u00bb  Era la nostalgia del Cielo. El hab\u00eda venido al mundo a revelarnos el amor de Dios, a abrirnos el camino del Cielo, a compartir en todo nuestra vida. Hab\u00eda recorrido los caminos de Palestina para ense\u00f1ar a las multitudes, para curar toda clase de enfermedades y dolencias entre la gente, para formar a sus disc\u00edpulos. Pero la linfa vital, que brotaba de su interior como agua de manantial, proven\u00eda de su relaci\u00f3n constante con el Padre. \u00c9l y el Padre se conocen, se aman, est\u00e1n el uno en el otro, son una sola cosa. El Padre es el \u201cAbba\u201d, es decir, el pap\u00e1 al que puede dirigirse con expresiones de infinita confidencia y de amor ilimitado.  \u00ab\u2026 fue a un lugar desierto; all\u00ed estuvo orando\u00bb  Dado que el Hijo de Dios vino a la tierra por nosotros, no le bast\u00f3 con estar \u00e9l en esa condici\u00f3n privilegiada de oraci\u00f3n. Al morir por nosotros, redimi\u00e9ndonos, nos hizo hijos de Dios, hermanos suyos. Por eso, para nosotros tambi\u00e9n se hizo posible aquella divina invocaci\u00f3n: \u201cAbba, Padre\u201d, con todo lo que ella comporta: certeza de su protecci\u00f3n, seguridad, abandono a ciegas en su amor, consuelos divinos, fuerza, ardor; ardor que nace en el coraz\u00f3n de quien est\u00e1 seguro de ser amado\u2026 Una vez que hemos entrado en la \u201ccelda interior\u201d de nuestra alma, podemos hablar con \u00c9l, adorarlo, expresarle nuestro amor, agradecerle, pedirle perd\u00f3n, confiarle nuestras necesidades y las de toda la humanidad, como tambi\u00e9n nuestros sue\u00f1os y deseos\u2026 \u00bfHay algo que no podamos decir a una persona que es omnipotente, y que sabemos adem\u00e1s que nos ama inmensamente? Y podemos hablar con el Verbo, con Jes\u00fas. Sobre todo podemos escucharlo, dejar que nos repita sus palabras: \u201cTranquil\u00edcense, soy yo; no teman\u201d, \u201cYo estar\u00e9 siempre con ustedes\u201d; y sus invitaciones: \u201cVen y s\u00edgueme\u201d, \u201cPerdona setenta veces siete\u201d, \u201cTodo lo que deseen que los dem\u00e1s hagan por ustedes, h\u00e1ganlo por ellos\u201d. Puede tratarse de momentos prolongados, o bien de instantes breves y constantes a lo largo de todo el d\u00eda, casi como una mirada de amor, un susurro: \u201cSe\u00f1or, t\u00fa eres mi \u00fanico bien\u201d, \u201cEsto lo hago por ti\u201d. No podemos prescindir de la oraci\u00f3n. No podemos vivir sin respirar, y la oraci\u00f3n es la respiraci\u00f3n del alma, la expresi\u00f3n de nuestro amor a Dios. De este coloquio, de esta relaci\u00f3n de comuni\u00f3n y amor, saldremos reconfortados, dispuestos a afrontar con nueva intensidad y confianza la vida de cada d\u00eda. Reencontraremos tambi\u00e9n una relaci\u00f3n m\u00e1s verdadera con los dem\u00e1s y con las cosas.  \u00ab\u2026 fue a un lugar desierto; all\u00ed estuvo orando\u00bb  Si no cerramos los postigos del alma con el recogimiento, t\u00fa, Se\u00f1or, no puedes permanecer con nosotros, como tu amor a veces desear\u00eda. Pero cuando nos hemos desprendido de todo para recogernos en ti, ya no querr\u00edamos volver atr\u00e1s, tan dulce es para el alma la uni\u00f3n contigo y tan pasajero todo el resto. Los que te aman sinceramente, muchas veces te sienten, Se\u00f1or, en el silencio de su cuarto, en lo profundo de su coraz\u00f3n, y es una sensaci\u00f3n que conmueve al alma como si cada vez tocara en lo vivo. Y te agradecen de tenerte tan cerca de ellos, de ser su Todo: el que da sentido al vivir y al morir. Te agradecen, pero a menudo no saben c\u00f3mo hacerlo, ni decirlo: lo \u00fanico que saben es que t\u00fa los amas y que no hay cosa m\u00e1s dulce, aqu\u00ed en la Tierra, que pueda siquiera asemej\u00e1rsele. Lo que ellos sienten en el alma, cuando t\u00fa apareces, es el Cielo y \u201csi el Cielo es as\u00ed \u2013dicen\u2013, \u00a1oh, qu\u00e9 hermoso es!\u201d. Te agradecen, Se\u00f1or, por la vida entera, por haberlos tra\u00eddo hasta aqu\u00ed. Y si afuera todav\u00eda hay sombras que podr\u00edan quitar brillo a su para\u00edso anticipado, cuando te manifiestas todo se vuelve remoto y lejano: no existe. T\u00fa eres. As\u00ed es.  \u00a0  <em>Chiara Lubich<\/em><\/p>\n","protected":false},"excerpt":{"rendered":"<p>Febrero 2006<\/p>\n","protected":false},"author":34,"featured_media":0,"comment_status":"open","ping_status":"open","sticky":false,"template":"","format":"standard","meta":{"give_campaign_id":0,"_seopress_robots_primary_cat":"","_seopress_titles_title":"","_seopress_titles_desc":"","_seopress_robots_index":"","_et_pb_use_builder":"","_et_pb_old_content":"","_et_gb_content_width":"","footnotes":""},"categories":[95,46],"tags":[],"class_list":["post-294086","post","type-post","status-publish","format-standard","hentry","category-palabra-de-vida","category-sin-categorizar"],"_links":{"self":[{"href":"https:\/\/www.focolare.org\/es\/wp-json\/wp\/v2\/posts\/294086","targetHints":{"allow":["GET"]}}],"collection":[{"href":"https:\/\/www.focolare.org\/es\/wp-json\/wp\/v2\/posts"}],"about":[{"href":"https:\/\/www.focolare.org\/es\/wp-json\/wp\/v2\/types\/post"}],"author":[{"embeddable":true,"href":"https:\/\/www.focolare.org\/es\/wp-json\/wp\/v2\/users\/34"}],"replies":[{"embeddable":true,"href":"https:\/\/www.focolare.org\/es\/wp-json\/wp\/v2\/comments?post=294086"}],"version-history":[{"count":0,"href":"https:\/\/www.focolare.org\/es\/wp-json\/wp\/v2\/posts\/294086\/revisions"}],"wp:attachment":[{"href":"https:\/\/www.focolare.org\/es\/wp-json\/wp\/v2\/media?parent=294086"}],"wp:term":[{"taxonomy":"category","embeddable":true,"href":"https:\/\/www.focolare.org\/es\/wp-json\/wp\/v2\/categories?post=294086"},{"taxonomy":"post_tag","embeddable":true,"href":"https:\/\/www.focolare.org\/es\/wp-json\/wp\/v2\/tags?post=294086"}],"curies":[{"name":"wp","href":"https:\/\/api.w.org\/{rel}","templated":true}]}}