{"id":294132,"date":"2006-03-31T22:00:00","date_gmt":"2006-03-31T20:00:00","guid":{"rendered":"https:\/\/www.focolare.org\/comentario-de-chiara-lubich-de-la-palabra-de-vida-del-mes-de-abril-2006\/"},"modified":"2024-05-13T20:48:37","modified_gmt":"2024-05-13T18:48:37","slug":"comentario-de-chiara-lubich-de-la-palabra-de-vida-del-mes-de-abril-2006","status":"publish","type":"post","link":"https:\/\/www.focolare.org\/es\/comentario-de-chiara-lubich-de-la-palabra-de-vida-del-mes-de-abril-2006\/","title":{"rendered":"Comentario de Chiara Lubich de la Palabra de vida del mes de Abril 2006"},"content":{"rendered":"<p>Estas palabras de Jes\u00fas, m\u00e1s elocuentes que un tratado, desvelan el secreto de la vida. No hay alegr\u00eda de Jes\u00fas sin dolor amado. No hay resurrecci\u00f3n sin muerte. Jes\u00fas nos habla de s\u00ed mismo, explica el significado de su existencia. Faltan pocos d\u00edas para su muerte. Ser\u00e1 dolorosa, humillante. \u00bfPor qu\u00e9 morir, precisamente \u00e9l que se ha proclamado la Vida? \u00bfPor qu\u00e9 sufrir, \u00e9l que es inocente? \u00bfPor qu\u00e9 ser calumniado, abofeteado, burlado, clavado en una cruz, el final m\u00e1s denigrante? Y, sobre todo, \u00bfpor qu\u00e9 \u00e9l, que ha vivido en la uni\u00f3n constante con Dios, se habr\u00e1 de sentir abandonado por su Padre? Tambi\u00e9n a \u00e9l la muerte le da miedo; pero tendr\u00e1 un sentido: la resurrecci\u00f3n. Hab\u00eda venido a reunir a los hijos dispersos de Dios (1), a romper toda barrera que separa a pueblos y personas, a hermanar a hombres divididos entre s\u00ed, a traer la paz y construir la unidad. Pero es necesario pagar un precio: para atraer a todos a s\u00ed tendr\u00e1 que ser elevado de la tierra, en la cruz (2). Por eso esta par\u00e1bola, la m\u00e1s hermosa de todo el Evangelio: <\/p>\n<p class=\"RipPdv\">\u00abSi el grano de trigo que cae en la tierra no muere, queda solo; pero si muere, da mucho fruto\u00bb.<\/p>\n<p>Ese grano de trigo es \u00e9l. En este tiempo de Pascua se nos muestra en lo alto de la cruz, su martirio y su gloria, en el signo del amor extremo. All\u00ed ha dado todo: el perd\u00f3n a los verdugos, el Para\u00edso al ladr\u00f3n, a nosotros la madre y su cuerpo y su sangre, su vida, hasta gritar: \u201cDios m\u00edo, Dios m\u00edo, \u00bfpor qu\u00e9 me has abandonado?\u201d. En 1944 escrib\u00eda: \u201c\u00bfSabes que nos ha dado todo? \u00bfQu\u00e9 m\u00e1s pod\u00eda darnos un Dios que, por amor, parec\u00eda olvidarse de ser Dios?\u201d. As\u00ed nos ha dado la posibilidad de volvernos hijos de Dios: ha generado un pueblo nuevo, una nueva creaci\u00f3n.<br \/>El d\u00eda de Pentecost\u00e9s el grano de trigo ca\u00eddo en tierra y muerto ya florec\u00eda en espiga fecunda: tres mil personas, de distintos pueblos y naciones, se volv\u00edan \u201cun solo coraz\u00f3n y una sola alma\u201d, y luego cinco mil, y luego&#8230;<\/p>\n<p class=\"RipPdv\">\u00abSi el grano de trigo que cae en la tierra no muere, queda solo; pero si muere, da mucho fruto\u00bb.<\/p>\n<p>Esta Palabra da sentido tambi\u00e9n a nuestra vida, a nuestro sufrir, a nuestro morir, un d\u00eda. La fraternidad universal por la cual queremos vivir, la paz, la unidad que queremos construir a nuestro alrededor, es un sue\u00f1o vago, una quimera, si no estamos dispuestos a recorrer el mismo camino marcado por el Maestro. \u00bfC\u00f3mo hizo \u00e9l para \u201cdar mucho fruto\u201d? Comparti\u00f3 todo lo nuestro. Se ados\u00f3 nuestros sufrimientos. Con nosotros se hizo tiniebla, melancol\u00eda, cansancio, contrariedad\u2026 Prob\u00f3 la traici\u00f3n, la soledad, la orfandad\u2026 En una palabra, se hizo \u201cuno con nosotros\u201d, haci\u00e9ndose cargo de todo lo que nos pesaba. Tambi\u00e9n nosotros, entonces, enamorados de este Dios que se hace nuestro \u201cpr\u00f3jimo\u201d, tenemos un modo de decirle que estamos inmensamente agradecidos por su amor infinito: vivir como vivi\u00f3 \u00e9l. Volvernos por nuestra parte \u201cpr\u00f3jimos\u201d de cuantos pasan a nuestro lado en la vida, queriendo estar dispuestos a \u201chacernos uno\u201d con ellos, a asumir una falta de unidad, a compartir un dolor, a resolver un problema, con un amor concreto hecho servicio. Jes\u00fas abandonado se ha dado todo. En la espiritualidad que se centra en \u00e9l, Jes\u00fas resucitado tiene que resplandecer plenamente y la alegr\u00eda tiene que ser su testimonio.<\/p>\n<p><em>Chiara Lubich<\/em><\/p>\n<p>1) Cf Jn11, 51; 2) Cf Jn 12, 32.<\/p>\n<p>&nbsp;<\/p>\n","protected":false},"excerpt":{"rendered":"<p>\u00abSi el grano de trigo que cae en la tierra no muere, queda solo; pero si muere, da mucho fruto\u00bb (Jn 12, 24)<\/p>\n","protected":false},"author":34,"featured_media":0,"comment_status":"open","ping_status":"open","sticky":false,"template":"","format":"standard","meta":{"give_campaign_id":0,"_seopress_robots_primary_cat":"","_seopress_titles_title":"","_seopress_titles_desc":"","_seopress_robots_index":"","_et_pb_use_builder":"","_et_pb_old_content":"","_et_gb_content_width":"","footnotes":""},"categories":[95,46],"tags":[],"class_list":["post-294132","post","type-post","status-publish","format-standard","hentry","category-palabra-de-vida","category-sin-categorizar"],"_links":{"self":[{"href":"https:\/\/www.focolare.org\/es\/wp-json\/wp\/v2\/posts\/294132","targetHints":{"allow":["GET"]}}],"collection":[{"href":"https:\/\/www.focolare.org\/es\/wp-json\/wp\/v2\/posts"}],"about":[{"href":"https:\/\/www.focolare.org\/es\/wp-json\/wp\/v2\/types\/post"}],"author":[{"embeddable":true,"href":"https:\/\/www.focolare.org\/es\/wp-json\/wp\/v2\/users\/34"}],"replies":[{"embeddable":true,"href":"https:\/\/www.focolare.org\/es\/wp-json\/wp\/v2\/comments?post=294132"}],"version-history":[{"count":0,"href":"https:\/\/www.focolare.org\/es\/wp-json\/wp\/v2\/posts\/294132\/revisions"}],"wp:attachment":[{"href":"https:\/\/www.focolare.org\/es\/wp-json\/wp\/v2\/media?parent=294132"}],"wp:term":[{"taxonomy":"category","embeddable":true,"href":"https:\/\/www.focolare.org\/es\/wp-json\/wp\/v2\/categories?post=294132"},{"taxonomy":"post_tag","embeddable":true,"href":"https:\/\/www.focolare.org\/es\/wp-json\/wp\/v2\/tags?post=294132"}],"curies":[{"name":"wp","href":"https:\/\/api.w.org\/{rel}","templated":true}]}}