{"id":294188,"date":"2006-08-20T20:00:00","date_gmt":"2006-08-20T18:00:00","guid":{"rendered":"https:\/\/www.focolare.org\/un-pastor-incansable-por-la-unidad-card-johannes-willebrands\/"},"modified":"2024-05-13T20:48:55","modified_gmt":"2024-05-13T18:48:55","slug":"un-pastor-incansable-por-la-unidad-card-johannes-willebrands","status":"publish","type":"post","link":"https:\/\/www.focolare.org\/es\/un-pastor-incansable-por-la-unidad-card-johannes-willebrands\/","title":{"rendered":"\u00abUn pastor incansable por la unidad\u00bb: Card. Johannes Willebrands"},"content":{"rendered":"<p>\u00abEl amor que Cristo ha requerido de Pedro, no se circunscribe a un grupo, ni siquiera a la Iglesia Cat\u00f3lica: todos son ovejas suyas. Y por ello, el amor va dirigido a todos los cristianos, y este amor exige ante todo la unidad, porque hay mucho sufrimiento cuando una familia est\u00e1 dividida. En este esp\u00edritu he concebido mi nueva tarea y la he desarrollado con todo el coraz\u00f3n y con todas las fuerzas -espirituales y materiales- que Dios me ha dado; el Se\u00f1or me ha bendecido y yo Le agradezco profundamente por haberse servido por tanto tiempo de mi trabajo a favor de Su Iglesia\u00bb.  Este es el testimonio directo del card. Johannes Willebrands, en una entrevista concedida a la Radio Vaticana en 1989, a la edad de 80 a\u00f1os, en el momento en el que dejaba, por motivos de edad, despu\u00e9s de 20 a\u00f1os, su cargo como Presidente del Consejo Pontificio para la promoci\u00f3n de la unidad de los cristianos.  Benedicto XVI: \u00abUn pastor incansable al servicio del Pueblo de Dios y de la unidad de la Iglesia\u00bb que ha dado \u00abun nuevo impulso al di\u00e1logo ecum\u00e9nico\u00bb. Dijo el Papa, ante su fallecimiento, el 2 de agosto pasados, en el telegrama de condolencia, donde agradeci\u00f3 al Se\u00f1or por la vida del Card. Willebrands.\u00a0 Ten\u00eda 97 a\u00f1os. Su labor al servicio de la causa del ecumenismo empez\u00f3 ya en 1951, 10 a\u00f1os antes del Concilio Vaticano II.  Es viva la gratitud del Movimiento de los Focolares: el Card. Willebrands ha acompa\u00f1ado y animado, con su sabia visi\u00f3n, el desarrollo ecum\u00e9nico del Movimiento desde los a\u00f1os Sesenta.  Alguna nota biogr\u00e1fica\u00a0  El cardenal Johannes Willebrands naci\u00f3 en 1909 en Bovenkarspel, en los Pa\u00edses Bajos. Docente de Filosof\u00eda y despu\u00e9s rector del Seminario Mayor de Warmond, en Holanda, muestra enseguida un vivo inter\u00e9s por la causa de la unidad de los cristianos, organizando en 1951 la Conferencia Cat\u00f3lica para los asuntos ecum\u00e9nicos. En 1958 el episcopado holand\u00e9s lo designa como delegado para las actividades ecum\u00e9nicas y dos a\u00f1os m\u00e1s tarde Juan XXIII lo nombra secretario del apenas constituido Secretariado para la Uni\u00f3n de los Cristianos, que durante los trabajos del Concilio Vaticano II se ocup\u00f3 -bajo la gu\u00eda del Cardenal Bea- de la preparaci\u00f3n de los documentos relativos al ecumenismo, a la libertad religiosa y a las relaciones con las religiones no cristianas.  Consagrado obispo en 1964, promueve un gran n\u00famero de iniciativas para hacer m\u00e1s intenso el di\u00e1logo entre la Iglesia cat\u00f3lica y las otras Iglesias cristianas, contactando especialmente a ortodoxos, anglicanos y luteranos. En 1969, sustituye al Card. Bea: Pablo VI lo nombra Presidente del Secretariado para la Uni\u00f3n de los Cristianos (que ser\u00e1 despu\u00e9s el Consejo Pontificio para la promoci\u00f3n de la unidad de los cristianos), haci\u00e9ndolo poco despu\u00e9s cardenal.  El testimonio de los hermanos de varias Iglesias  Entre los numerosos testimonios de nuestros hermanos y hermanas de varias Iglesias, recordamos un episodio significativo del que es testigo el pastor evang\u00e9lico Dieter F\u00fcrst. En\u00a0 1986, recordamos un encuentro del Card. Willebrands con un grupo de evang\u00e9licos en el Centro Uno, Centro ecum\u00e9nico de los Focolares, en Roma, el pastor F\u00fcrst refiere que, antes de encontrarse con el Cardenal, ten\u00edan el \u00abtemor de que la grande, potente Iglesia cat\u00f3lica quisiera aplastar la peque\u00f1a, d\u00e9bil Iglesia evang\u00e9lica\u00bb. El pastor agreg\u00f3 que entre los participantes en este encuentro hab\u00eda tambi\u00e9n representantes de las Iglesias libres, quienes nutren ese temor en forma especial. Pero la palabra del card. Willebrands fue tan paterna, tan llena de Esp\u00edritu Santo, que suscit\u00f3 entusiasmo en estos hermanos: \u00abel Cardenal present\u00f3 la Iglesia y la cristiandad en una dimensi\u00f3n mucho m\u00e1s amplia de cuanto la tuvi\u00e9semos antes\u00bb.<\/p>\n","protected":false},"excerpt":{"rendered":"<p>La gratitud del Movimiento de los Focolares<\/p>\n","protected":false},"author":34,"featured_media":0,"comment_status":"open","ping_status":"open","sticky":false,"template":"","format":"standard","meta":{"give_campaign_id":0,"_seopress_robots_primary_cat":"","_seopress_titles_title":"","_seopress_titles_desc":"","_seopress_robots_index":"","_et_pb_use_builder":"","_et_pb_old_content":"","_et_gb_content_width":"","footnotes":""},"categories":[46],"tags":[],"class_list":["post-294188","post","type-post","status-publish","format-standard","hentry","category-sin-categorizar"],"_links":{"self":[{"href":"https:\/\/www.focolare.org\/es\/wp-json\/wp\/v2\/posts\/294188","targetHints":{"allow":["GET"]}}],"collection":[{"href":"https:\/\/www.focolare.org\/es\/wp-json\/wp\/v2\/posts"}],"about":[{"href":"https:\/\/www.focolare.org\/es\/wp-json\/wp\/v2\/types\/post"}],"author":[{"embeddable":true,"href":"https:\/\/www.focolare.org\/es\/wp-json\/wp\/v2\/users\/34"}],"replies":[{"embeddable":true,"href":"https:\/\/www.focolare.org\/es\/wp-json\/wp\/v2\/comments?post=294188"}],"version-history":[{"count":0,"href":"https:\/\/www.focolare.org\/es\/wp-json\/wp\/v2\/posts\/294188\/revisions"}],"wp:attachment":[{"href":"https:\/\/www.focolare.org\/es\/wp-json\/wp\/v2\/media?parent=294188"}],"wp:term":[{"taxonomy":"category","embeddable":true,"href":"https:\/\/www.focolare.org\/es\/wp-json\/wp\/v2\/categories?post=294188"},{"taxonomy":"post_tag","embeddable":true,"href":"https:\/\/www.focolare.org\/es\/wp-json\/wp\/v2\/tags?post=294188"}],"curies":[{"name":"wp","href":"https:\/\/api.w.org\/{rel}","templated":true}]}}