{"id":294206,"date":"2006-09-14T22:00:00","date_gmt":"2006-09-14T20:00:00","guid":{"rendered":"https:\/\/www.focolare.org\/emular-a-los-primeros-cristianos-hoy-en-el-siglo-xxi\/"},"modified":"2024-05-13T20:48:57","modified_gmt":"2024-05-13T18:48:57","slug":"emular-a-los-primeros-cristianos-hoy-en-el-siglo-xxi","status":"publish","type":"post","link":"https:\/\/www.focolare.org\/es\/emular-a-los-primeros-cristianos-hoy-en-el-siglo-xxi\/","title":{"rendered":"\u00abEmular a los primeros cristianos, hoy, en el siglo XXI\u00bb"},"content":{"rendered":"<p>En Budapest, el s\u00e1bado 16 de septiembre, se mostrar\u00e1 la novedad y el pensamiento que est\u00e1 emergiendo en el mund<img decoding=\"async\" src=\"http:\/\/ldap.focolare.org\/layout\/foto2006\/060914-01.jpg\" alt=\"\" align=\"right\" border=\"0\" hspace=\"5\" vspace=\"5\" \/>o de la econom\u00eda, del derecho, de la comunicaci\u00f3n y de la pol\u00edtica. Una novedad que tiene su ra\u00edz en la primac\u00eda de Dios, en la radicalidad del Evangelio, vivido en la vida cotidiana de miles de personas de diversos contextos culturales, suscitada por el carisma de la unidad de los Focolares.  En primera fila <strong>\u00ablos voluntarios de Dios\u00bb,<\/strong> (ramificaci\u00f3n de los Focolares) comprometidos en la renovaci\u00f3n de la sociedad. En un clima de fiesta empez\u00f3 la doble jornada (14-15 de septiembre), titulada \u00ab50 a\u00f1os al servicio de la humanidad\u00bb, que ha reunido a 9.000 voluntarios de todo el mundo en el modern\u00edsimo gimnasio \u00abSportArena\u00bb, de la capital h\u00fangara, para volver a las ra\u00edces de su historia y relanzar su compromiso en la renovaci\u00f3n de la sociedad.  <strong>Budapest 1956<\/strong> &#8211; Sus ra\u00edces se ahondan en un momento hist\u00f3rico dram\u00e1tico revivido con emoci\u00f3n durante la apertura del encuentro: la invasi\u00f3n de las tropas rusas que en noviembre de 1956 sofocaron el anhelo de libertad del pueblo h\u00fangaro. En el SportArena reson\u00f3 la voz de P\u00edo XII quien en un mensaje radial lanz\u00f3 un llamamiento: devolver <em>\u00aba los Parlamentos, a las casas, a las oficinas, a Dios, fuente de todo derecho, justicia y libertad\u00bb.<\/em> Fueron recordadas las palabras de Chiara Lubich, al dar inicio a la aventura de los voluntarios y de las voluntarias: <em>\u00abSi ha habido una <a href=\"https:\/\/www.focolare.org\/news\/2006\/09\/15\/emulare-i-primi-cristiani-oggi-nel-xxi-secolo\/060916-03-2\/\" rel=\"attachment wp-att-65565\"><img loading=\"lazy\" decoding=\"async\" class=\"alignright\" style=\"margin: 5px;border: 0px\" src=\"https:\/\/www.focolare.org\/wp-content\/uploads\/2006\/09\/060916-03.jpg\" alt=\"\" width=\"200\" height=\"200\" \/><\/a>sociedad capaz de quitar el nombre de Dios (&#8230;) del coraz\u00f3n de los hombres. Debe haber una sociedad capaz de volverlo a poner en su lugar. Son necesarios aut\u00e9nticos disc\u00edpulos de Jes\u00fas, un ej\u00e9rcito de voluntarios, porque el amor es libre\u00bb.<\/em>  <strong>Budapest 2006<\/strong> &#8211; Chiara Lubich, en un mensaje, recordando estas ra\u00edces, traz\u00f3 el perfil del voluntario hoy, mostrando una singular sinton\u00eda con el Papa Benedicto XVI, y con su llamado de estos d\u00edas, en Munich, de responder a los desaf\u00edos del momento hist\u00f3rico actual que m\u00e1s que nunca tiene necesidad de Dios, y hacer de \u00c9l <em>\u00abla fuerza determinante para nuestra vida y nuestro actuar\u00bb, \u00abpara que la justicia y el amor lleguen a ser fuerzas decisivas en el ordenamiento mundial\u00bb. <\/em>Chiara record\u00f3 la meta que ella propuso hace 50 a\u00f1os: <em>\u00abformar un bloque de hombres de todas las edades, razas, condiciones, unidos por el v\u00ednculo m\u00e1s fuerte que existe: el amor rec\u00edproco, el amor que funde a los Cristianos en una divina unidad\u00bb<\/em>. Una meta que considera actual <em>\u00aben sociedades trastornadas como las nuestras, y sin embargo repletas de anhelos y de potencialidades\u00bb. <\/em>Chiara subray\u00f3 la vocaci\u00f3n de los voluntarios, quienes -en cuanto laicos- viven <em>\u00aben las condiciones ordinarias de la vida familiar, laboral y social\u00bb,<\/em> que es <em>\u00abtan totalitaria, tan libre, tan esencial\u00bb<\/em> y los llam\u00f3, hoy, <em>\u00aben el siglo XXI, a emular a los primeros cristianos\u00bb, a \u00abedificar, como fermento en la masa, &#8216;cielos nuevos y tierras nuevas&#8217; renovadas por la luz del Evangelio\u00bb.<\/em>  <strong>Fueron recorridas las etapas m\u00e1s significativas de la historia de los voluntarios,<\/strong> en el camino que ha precisado su vocaci\u00f3n espec\u00edfica. Se recordaron las primicias que se remontan a los a\u00f1os &#8217;40, a los inicios de los Focolares, cuando Chiara Lubich empez\u00f3 su aventura espiritual junto con sus primeras compa\u00f1eras precisamente entre los m\u00e1s pobres, con el objetivo de resolver el problema social de Trento, y con la certeza de que \u00abla revoluci\u00f3n evang\u00e9lica es la m\u00e1s potente revoluci\u00f3n social\u00bb. Seguidamente se presentaron las figuras de los pioneros de los \u00abvoluntarios de Dios\u00bb, testimonios de un gran amor por la humanidad y de la capacidad de construir en el ambiente donde cada uno est\u00e1, aut\u00e9nticos fragmentos de \u00abfraternidad social\u00bb.  En estos d\u00edas seguir\u00e1n los testimonios y de las gritas de esta vida emerger\u00e1 el impacto social del Evangelio vivido en lo cotidiano, en los m\u00e1s diversos contextos culturales.  <strong>Los responsables de la manifestaci\u00f3n\u00a0comunicaron los datos actualizados relativos a la manifestaci\u00f3n del 16 de septiembre: <\/strong>11.700 participantes, de 92 pa\u00edses, de los 5 continentes. Adem\u00e1s de 3.800 de Italia, alrededor de 600 de Asia, 170 de Medio Oriente, m\u00e1s de 1300 de las Am\u00e9ricas, 130 de \u00c1frica, 40 de Australia.  La previsi\u00f3n de una representaci\u00f3n de:\u00a0 13 movimientos eclesiales y nuevas comunidades, &#8211; cristianos de diversas Iglesias &#8211; seguidores del Islam y de otras religiones  Entre las personalidades civiles y religiosas se espera: &#8211; El Primado de Hungr\u00eda, Arzobispo de Esztergom-Budapest, y Presidente de la Conferencia Episcopal, <strong>Card. P\u00e9ter Erd\u00f5\u00a0 <\/strong>&#8211; El Vicepresidente del Parlamento H\u00fangaro, <strong>P\u00e9ter Harrach<\/strong>\u00a0 &#8211; El embajador de Italia en Hungr\u00eda, <strong>Paolo Guido Spinelli\u00a0 <\/strong>&#8211; El Secretario General de la Iglesia Reformada de Hungr\u00eda, <strong>Zolt\u00e1n Tarr <\/strong>&#8211; El Presidente de la Iglesia Evang\u00e9lica de Hungr\u00eda, obispo <strong>J\u00e1nos Ittz\u00e9s <\/strong><\/p>\n","protected":false},"excerpt":{"rendered":"<p>As\u00ed dijo Chiara Lubich a la doble jornada de los \u00abvoluntarios de Dios\u00bb reunidos en Budapest, en el 50\u00b0 de su nacimiento para volver a sus ra\u00edces y hacer un nuevo lanzamiento de su compromiso en la renovaci\u00f3n de la sociedad. El evento desembo<\/p>\n","protected":false},"author":34,"featured_media":0,"comment_status":"open","ping_status":"open","sticky":false,"template":"","format":"standard","meta":{"give_campaign_id":0,"_seopress_robots_primary_cat":"","_seopress_titles_title":"","_seopress_titles_desc":"","_seopress_robots_index":"","_et_pb_use_builder":"","_et_pb_old_content":"","_et_gb_content_width":"","footnotes":""},"categories":[46],"tags":[],"class_list":["post-294206","post","type-post","status-publish","format-standard","hentry","category-sin-categorizar"],"_links":{"self":[{"href":"https:\/\/www.focolare.org\/es\/wp-json\/wp\/v2\/posts\/294206","targetHints":{"allow":["GET"]}}],"collection":[{"href":"https:\/\/www.focolare.org\/es\/wp-json\/wp\/v2\/posts"}],"about":[{"href":"https:\/\/www.focolare.org\/es\/wp-json\/wp\/v2\/types\/post"}],"author":[{"embeddable":true,"href":"https:\/\/www.focolare.org\/es\/wp-json\/wp\/v2\/users\/34"}],"replies":[{"embeddable":true,"href":"https:\/\/www.focolare.org\/es\/wp-json\/wp\/v2\/comments?post=294206"}],"version-history":[{"count":0,"href":"https:\/\/www.focolare.org\/es\/wp-json\/wp\/v2\/posts\/294206\/revisions"}],"wp:attachment":[{"href":"https:\/\/www.focolare.org\/es\/wp-json\/wp\/v2\/media?parent=294206"}],"wp:term":[{"taxonomy":"category","embeddable":true,"href":"https:\/\/www.focolare.org\/es\/wp-json\/wp\/v2\/categories?post=294206"},{"taxonomy":"post_tag","embeddable":true,"href":"https:\/\/www.focolare.org\/es\/wp-json\/wp\/v2\/tags?post=294206"}],"curies":[{"name":"wp","href":"https:\/\/api.w.org\/{rel}","templated":true}]}}