{"id":294208,"date":"2006-09-15T22:00:00","date_gmt":"2006-09-15T20:00:00","guid":{"rendered":"https:\/\/www.focolare.org\/nuestra-respuesta-a-la-noche-cultural-colectiva-de-hoy\/"},"modified":"2024-05-13T20:48:58","modified_gmt":"2024-05-13T18:48:58","slug":"nuestra-respuesta-a-la-noche-cultural-colectiva-de-hoy","status":"publish","type":"post","link":"https:\/\/www.focolare.org\/es\/nuestra-respuesta-a-la-noche-cultural-colectiva-de-hoy\/","title":{"rendered":"\u00abNuestra respuesta a la noche cultural colectiva de hoy\u00bb"},"content":{"rendered":"<p>\u00abEn el mundo de hoy marcado por dram\u00e1ticas tensiones, el Movimiento de los Focolares propone, tambi\u00e9n por medio de esta iniciativa, la fraternidad como posible camino a recorrer para llegar a la paz\u00bb. Es con este mensaje del Papa Benedicto XVI, le\u00eddo por el Card. Pet\u00e9r Erd\u00f5, arzobispo de Budapest y Primado de Hungr\u00eda que, en el SportArena de Budapest, repleto con m\u00e1s de 11.000 personas prevenientes de 92 pa\u00edses, se abri\u00f3 la gran manifestaci\u00f3n que con ideas, experiencias e iniciativas concretas, propone la fraternidad como respuesta a los muchos desaf\u00edos de hoy. El Papa anim\u00f3 a los voluntarios \u00aba proseguir con la obra desarrollada hasta ahora con tantos frutos, encarnando en la realidad de cada d\u00eda el Evangelio del amor\u00bb.  En el modern\u00edsimo gimnasio h\u00fangaro estaban presentes, entre los seguidores de otras religiones, un numeroso grupo de musulmanes provenientes de Argelia, cristianos de diversas denominaciones, y miembros de 13 Movimientos y nuevas comunidades cat\u00f3licas, personalidades civiles y religiosas, como el vicepresidente del Parlamento h\u00fangaro, P\u00e9ter Harrach. Este evento fue precedido por una doble jornada en la que se reunieron en la capital h\u00fangara m\u00e1s de 9000 \u00abvoluntarios de Dios\u00bb, ramificaci\u00f3n de los Focolares, comprometidos en la renovaci\u00f3n de la sociedad, con ocasi\u00f3n del 50\u00b0 de su nacimiento, como respuesta a los tr\u00e1gicos \u00abhechos de Budapest\u00bb.  <strong>A 50 a\u00f1os de distancia de dichos eventos, la fundadora de los Focolares hace una lectura actual de la situaci\u00f3n mundial:<\/strong> percibe los signos de una humanidad envuelta por una \u00abnoche oscura cultural y colectiva\u00bb. En su mensaje, le\u00eddo por una de sus primeras compa\u00f1eras, Valeria Ronchetti, Chiara Lubich habla de \u00abuna noche que ha descendido cada vez m\u00e1s sobre la humanidad, especialmente en Occidente\u00bb, donde predomina el relativismo y la \u00e9tica ya no tiene la capacidad de gobernar el ritmo vertiginoso de los descubrimientos cient\u00edficos y tecnol\u00f3gicos. Un Occidente en b\u00fasqueda de \u00abideas fuertes, de un ideal que abra un camino a los numerosos y angustiosos interrogantes, que muestre un luz para poder seguir\u00bb.  Haciendo eco a Juan Pablo II, Chiara indica el camino en el \u00abdrama de un Dios que grita: &#8216;Dios m\u00edo, Dios m\u00edo, \u00bfpor qu\u00e9 me has abandonado?'\u00bb. \u00abEs su pasi\u00f3n interior, es su noche m\u00e1s negra, el \u00e1pice se sus dolores\u00bb. Un drama que abre perspectivas de luz: \u00abSi logramos encontrarLo en cada dolor, si Lo amamos dirigi\u00e9ndonos al Padre como Jes\u00fas en la cruz: &#8216;Padre, en tus manos encomiendo mi esp\u00edritu\u00bb (Lc 23,46), entonces con \u00c9l la noche ser\u00e1 parte del pasado, la luz nos iluminar\u00e1\u00bb. \u00abEl Movimiento -agreg\u00f3- posee una riqu\u00edsima experiencia\u00bb, que en estos \u00faltimos a\u00f1os ha tenido un nuevo desarrollo.  <strong><img decoding=\"async\" src=\"http:\/\/ldap.focolare.org\/layout\/foto2006\/060916-01.jpg\" alt=\"\" align=\"right\" border=\"0\" hspace=\"5\" vspace=\"5\" \/>Chiara habla de \u00abinundaciones de luz &#8211;<\/strong> para usar un t\u00e9rmino de Juan Cris\u00f3stomo, gran Padre de la Iglesia- que iluminan la cultura de hoy en sus varios aspectos\u00bb, fruto del di\u00e1logo que el Movimiento de los Focolares ha entablado, desde hace alg\u00fan tiempo, entre la sabidur\u00eda que ofrece el Carisma de la Unidad y los distintos \u00e1mbitos del saber y de la vida humana\u00bb: de la pol\u00edtica a la ecolog\u00eda, de la comunicaci\u00f3n a la salud, al derecho y la econom\u00eda.  Desarrollo suscitado por la acci\u00f3n del Esp\u00edritu que \u00abprecisamente en este tiempo, ha sido generoso, irrumpiendo en la familia humana con varios carismas a partir de los cuales han nacido Movimientos, corrientes espirituales, nuevas comunidades, nuevas obras\u00bb.  <strong>No es una novedad que \u00abexperiencias civiles y econ\u00f3micas tengan su origen en corrientes espirituales nacidas de carismas.<\/strong> La historia de la humanidad est\u00e1 constelada de las mismas\u00bb. Dijo Luigino Bruni, docente de econom\u00eda pol\u00edtica en la Universidad Bicoca de Mil\u00e1n (Italia), quien introdujo la primera de las 4 mesas redondas, que afrontaron los retos presentados por la econom\u00eda, la justicia, la comunicaci\u00f3n y la pol\u00edtica. Es \u00abdelante del esc\u00e1ndalo de un mundo edificado con lujosos rascacielos y\u00a0 barracas deshumanas\u00bb, que durante un viaje de Chiara Lubich a Brasil, en el &#8217;91, \u00abse enciende la chispa inspiradora de aquella que seguidamente ser\u00e1 llamada Econom\u00eda de Comuni\u00f3n\u00bb. Sus protagonistas son cientos de \u00abempresas modernas, eficientes, que trabajan dentro de la econom\u00eda de mercado\u00bb, dando vida tambi\u00e9n a pol\u00edgonos empresariales. La novedad: destinan las utilidades al crecimiento de la empresa y por lo tanto a la creaci\u00f3n de empleos; a la formaci\u00f3n de hombres nuevos aptos para esta nueva cultura; para sostener a quien se encuentra en una situaci\u00f3n de necesidad inmediata. No s\u00f3lo. Toda la \u00abpraxis econ\u00f3mica y administrativa de la empresa est\u00e1 inspirada en la comuni\u00f3n\u00bb. La finalidad: llegar a que no haya ning\u00fan indigente.  \u00abUna novedad de vida, pero tambi\u00e9n de pensamiento, una novedad doctrinal\u00bb. De ello habla Kelen Leite de Brasil, joven investigadora, una de los casi 200 j\u00f3venes que han publicado tesis de doctorado sobre la Econom\u00eda de Comuni\u00f3n. \u00abY ahora -afirma- algunas universidades ense\u00f1an esta materia junto con los nuevos modelos de econom\u00eda social y civil\u00bb.  <strong>La prueba de los hechos:<\/strong> tambi\u00e9n durante la grave crisis econ\u00f3mica que en el &#8217;97 sacudi\u00f3 toda Asia, un banco rural de Filipinas, nacido para sostener a los campesinos, y administrado seg\u00fan los criterios de la EdC, no s\u00f3lo sobrevivi\u00f3, sino que tuvo la intrepidez de realizar un proyecto de micro-financiaci\u00f3n o pr\u00e9stamo a los pobres sin garant\u00eda. A partir de all\u00ed ha nacido una nueva Agencia de Cr\u00e9dito todav\u00eda hoy floreciente. Es el testimonio de Tess y Francis Garz\u00f3n, del Consejo Administrativo del Bangko Kabayan. \u00a0 <strong>El proyecto \u00abFraternidad con \u00c1frica\u00bb &#8211;<\/strong> Una posibilidad abierta a todos para contribuir a una nueva econom\u00eda. El proyecto, presentado al final de la ma\u00f1ana, tiene como fin hacer crecer los recursos humanos y profesionales en \u00c1frica, de modo que los africanos mismos puedan contribuir a su propio desarrollo social y cultural. Ser\u00e1n asignadas a j\u00f3venes y adultos africanos, que no tienen los recursos, becas a nivel universitario o para cursos de especializaci\u00f3n profesional: quienes se beneficiar\u00e1n con tales aportes que comprometer\u00e1n, terminando los estudios, a trabajar, al menos por un per\u00edodo en su pa\u00eds.  En la tarde se afrontaron otros tres retos propuestos por los mundos de la justicia, de la comunicaci\u00f3n y la pol\u00edtica.  &nbsp;<\/p>\n","protected":false},"excerpt":{"rendered":"<p>Mensaje de Chiara Lubich a la manifestaci\u00f3n de Budapest. El apoyo del Papa a los \u00abvoluntarios\u00bb para que contin\u00faen encarnando el Evangelio del Amor<\/p>\n","protected":false},"author":34,"featured_media":0,"comment_status":"open","ping_status":"open","sticky":false,"template":"","format":"standard","meta":{"give_campaign_id":0,"_seopress_robots_primary_cat":"","_seopress_titles_title":"","_seopress_titles_desc":"","_seopress_robots_index":"","_et_pb_use_builder":"","_et_pb_old_content":"","_et_gb_content_width":"","footnotes":""},"categories":[904],"tags":[],"class_list":["post-294208","post","type-post","status-publish","format-standard","hentry","category-focolare-worldwide-2-2"],"_links":{"self":[{"href":"https:\/\/www.focolare.org\/es\/wp-json\/wp\/v2\/posts\/294208","targetHints":{"allow":["GET"]}}],"collection":[{"href":"https:\/\/www.focolare.org\/es\/wp-json\/wp\/v2\/posts"}],"about":[{"href":"https:\/\/www.focolare.org\/es\/wp-json\/wp\/v2\/types\/post"}],"author":[{"embeddable":true,"href":"https:\/\/www.focolare.org\/es\/wp-json\/wp\/v2\/users\/34"}],"replies":[{"embeddable":true,"href":"https:\/\/www.focolare.org\/es\/wp-json\/wp\/v2\/comments?post=294208"}],"version-history":[{"count":0,"href":"https:\/\/www.focolare.org\/es\/wp-json\/wp\/v2\/posts\/294208\/revisions"}],"wp:attachment":[{"href":"https:\/\/www.focolare.org\/es\/wp-json\/wp\/v2\/media?parent=294208"}],"wp:term":[{"taxonomy":"category","embeddable":true,"href":"https:\/\/www.focolare.org\/es\/wp-json\/wp\/v2\/categories?post=294208"},{"taxonomy":"post_tag","embeddable":true,"href":"https:\/\/www.focolare.org\/es\/wp-json\/wp\/v2\/tags?post=294208"}],"curies":[{"name":"wp","href":"https:\/\/api.w.org\/{rel}","templated":true}]}}