{"id":294260,"date":"2006-11-02T23:00:00","date_gmt":"2006-11-02T22:00:00","guid":{"rendered":"https:\/\/www.focolare.org\/asis-jovenes-de-varias-religiones-por-la-paz\/"},"modified":"2024-05-13T20:49:14","modified_gmt":"2024-05-13T18:49:14","slug":"asis-jovenes-de-varias-religiones-por-la-paz","status":"publish","type":"post","link":"https:\/\/www.focolare.org\/es\/asis-jovenes-de-varias-religiones-por-la-paz\/","title":{"rendered":"As\u00eds: j\u00f3venes de varias religiones por la paz"},"content":{"rendered":"<p><strong><img decoding=\"async\" src=\"http:\/\/ldap.focolare.org\/layout\/foto2006\/061103-03.jpg\" border=\"0\" alt=\"\" hspace=\"5\" vspace=\"5\" align=\"right\" \/>Pasar a a las nuevas generaciones el \u00abEsp\u00edritu de As\u00eds\u00bb,<\/strong> propuesto al mundo por Juan Pablo II en la memorable jornada, que vio reunidos en la ciudad de Francisco a l\u00edderes de todas las religiones del mundo, es el objetivo del Consejo Pontificio para el Di\u00e1logo Interreligioso, en el 20\u00b0 aniversario de la \u00abJornada de Oraci\u00f3n por la paz\u00bb del 27 de octubre de 1986. El encuentro re\u00fane a j\u00f3venes de diversas tradiciones religiosas con el objetivo de hacerles redescubrir y mantener vivo este Esp\u00edritu, cual motivo de esperanza para el futuro.\u00a0\u00a0  <strong>Han adherido a la invitaci\u00f3n un centenar de j\u00f3venes de 27 pa\u00edses,<\/strong> entre cristianos -cat\u00f3licos y cristianos de otras Iglesias y comunidades-, hebreos\u00a0y seguidores de una decena de tradiciones religiosas: hinduismo, tao\u00edsmo, budismo, jainismo, islamismo y otras. El programa comprende sesiones plenarias, debates por grupo o mesas redondas, peregrinajes a lugares significativos de la espiritualidad franciscana. En el Sagrado Convento han sido predispuestos lugares separados para la oraci\u00f3n y la meditaci\u00f3n de los diversos grupos religiosos; los j\u00f3venes cat\u00f3licos participar\u00e1n en la Eucarist\u00eda dominical y en varios momentos de oraci\u00f3n.  <strong>El programa &#8211; El encuentro cobrar\u00e1 vida el 5 de noviembre<\/strong> con la sesi\u00f3n inaugural abierta por el Obispo de As\u00eds, Mons. Domenico Sorrentino. Despu\u00e9s la reflexi\u00f3n de fondo sobre: \u00abEl impacto de As\u00eds 1986\u00bb y la Liturgia Eucar\u00edstica en el Sacro Convento.  En la tarde est\u00e1n previstos los testimonios de los grupos que en estos 20 a\u00f1os han cultivado y promovido en forma especial el \u00abEsp\u00edritu de As\u00eds\u00bb: la Comunidad de San Egidio, los Budistas de la Tendai de Jap\u00f3n, Comuni\u00f3n y Liberaci\u00f3n, el Movimiento de los Focolares.  <strong>En la jornada del 6 de noviembre, Kathryn Lohre, del Consejo Ecum\u00e9nico de las Iglesias,<\/strong> se dirigir\u00e1 a los j\u00f3venes con el tema \u00abSostener los valores comunes y respetar las diferencias\u00bb, mientras que el martes 7 el Card. Paul Poupard, har\u00e1 un an\u00e1lisis de la situaci\u00f3n actual del di\u00e1logo interreligioso, acentuando el papel de los j\u00f3venes en un mundo multirreligioso y multicultural.  <strong>Los j\u00f3venes tienen confiada la elaboraci\u00f3n de un \u00abMensaje\u00bb de esperanza y de aliento<\/strong> al mundo entero, como signo de adhesi\u00f3n al \u00abEsp\u00edritu de As\u00eds\u00bb. El encuentro se concluir\u00e1 en Roma, la ma\u00f1ana del 8 de noviembre, con la participaci\u00f3n en la Audiencia General del Santo Padre.<\/p>\n","protected":false},"excerpt":{"rendered":"<p>Encuentro con el t\u00edtulo \u00abHazme un instrumento de tu paz\u00bb, promovido por el Consejo Pontificio para el Di\u00e1logo Interreligioso, del 4 al 8 de noviembre<\/p>\n","protected":false},"author":34,"featured_media":0,"comment_status":"open","ping_status":"open","sticky":false,"template":"","format":"standard","meta":{"give_campaign_id":0,"_seopress_robots_primary_cat":"","_seopress_titles_title":"","_seopress_titles_desc":"","_seopress_robots_index":"","_et_pb_use_builder":"","_et_pb_old_content":"","_et_gb_content_width":"","footnotes":""},"categories":[46],"tags":[],"class_list":["post-294260","post","type-post","status-publish","format-standard","hentry","category-sin-categorizar"],"_links":{"self":[{"href":"https:\/\/www.focolare.org\/es\/wp-json\/wp\/v2\/posts\/294260","targetHints":{"allow":["GET"]}}],"collection":[{"href":"https:\/\/www.focolare.org\/es\/wp-json\/wp\/v2\/posts"}],"about":[{"href":"https:\/\/www.focolare.org\/es\/wp-json\/wp\/v2\/types\/post"}],"author":[{"embeddable":true,"href":"https:\/\/www.focolare.org\/es\/wp-json\/wp\/v2\/users\/34"}],"replies":[{"embeddable":true,"href":"https:\/\/www.focolare.org\/es\/wp-json\/wp\/v2\/comments?post=294260"}],"version-history":[{"count":0,"href":"https:\/\/www.focolare.org\/es\/wp-json\/wp\/v2\/posts\/294260\/revisions"}],"wp:attachment":[{"href":"https:\/\/www.focolare.org\/es\/wp-json\/wp\/v2\/media?parent=294260"}],"wp:term":[{"taxonomy":"category","embeddable":true,"href":"https:\/\/www.focolare.org\/es\/wp-json\/wp\/v2\/categories?post=294260"},{"taxonomy":"post_tag","embeddable":true,"href":"https:\/\/www.focolare.org\/es\/wp-json\/wp\/v2\/tags?post=294260"}],"curies":[{"name":"wp","href":"https:\/\/api.w.org\/{rel}","templated":true}]}}