{"id":294302,"date":"2007-03-06T23:00:00","date_gmt":"2007-03-06T22:00:00","guid":{"rendered":"https:\/\/www.focolare.org\/el-testimonio-de-ginetta-el-evangelio-revolucion-social\/"},"modified":"2024-05-13T20:49:18","modified_gmt":"2024-05-13T18:49:18","slug":"el-testimonio-de-ginetta-el-evangelio-revolucion-social","status":"publish","type":"post","link":"https:\/\/www.focolare.org\/es\/el-testimonio-de-ginetta-el-evangelio-revolucion-social\/","title":{"rendered":"El testimonio de Ginetta: el Evangelio, revoluci\u00f3n social"},"content":{"rendered":"<p><em><img decoding=\"async\" src=\"http:\/\/ldap.focolare.org\/layout\/foto2007\/070305-04.jpg\" border=\"0\" alt=\"\" hspace=\"5\" vspace=\"5\" align=\"right\" \/>El 8 de marzo, 6 a\u00f1os despu\u00e9s de la muerte de una de las principales protagonistas del Movimiento de los Focolares en Brasil \u2013 Ginetta Calliari \u2013 la Iglesia Cat\u00f3lica, con el inicio del proceso de beatificaci\u00f3n, dar\u00e1 inicio al estudio de su vida con la perspectiva de reconocerla como modelo de vida cristiana. La apertura del proceso tendr\u00e1 lugar en la catedral de Osasco, en las cercan\u00edas de San Pablo (Brasil), a las 8.00 p.m. hora local.<\/em>  <strong>Personalidades del mundo religioso, civil y pol\u00edtico de Brasil han tenido en Ginetta una l\u00edder espiritual<\/strong> y una fuente de inspiraci\u00f3n para sus ideales y su forma de actuar. En los 42 a\u00f1os en los que vivi\u00f3 en esta tierra, Ginetta no ahorro fuerzas para difundir la cultura de la fraternidad y el ideal de la unidad t\u00edpicos de los Focolares. Con fe transparente en la fuerza transformadora del Evangelio, ha arrastrado en esta aventura a miles de brasile\u00f1os y ha suscitado numerosas obras sociales y culturales.  <strong>Ha sido una de las primeras en sostener la <a href=\"http:\/\/www.edc-online.org\/es\/_idea.htm\" target=\"_blank\" rel=\"noopener\">Econom\u00eda de Comuni\u00f3n<\/a>,<\/strong> un proyecto lanzado por Chiara <a rel=\"attachment wp-att-52279\" href=\"https:\/\/www.focolare.org\/news\/2007\/03\/07\/la-testimonianza-di-ginetta-il-vangelo-rivoluzione-sociale\/070305-06-2\/\"><img alt=\"\" alt=\"\" loading=\"lazy\" decoding=\"async\" class=\"alignleft size-full wp-image-52279\" style=\"margin: 5px;border-width: 0px\" src=\"https:\/\/www.focolare.org\/wp-content\/uploads\/2007\/03\/070305-06.jpg\" alt=\"\" width=\"200\" height=\"200\" \/><\/a>Lubich precisamente en Brasil, para contribuir a colmar las diferencias entre ricos y pobres, involucrando empresas de producci\u00f3n y de servicios de los m\u00e1s variados sectores dando una finalidad social a una parte de sus utilidades.  <strong>Ginetta Calliari (1918-2001), nacida en Trento (Italia), estuvo junto a Chiara Lubich desde un inicio del Movimiento de los Focolares, en los a\u00f1os \u201940.<\/strong> En 1959, estaba entre los primeros j\u00f3venes que partieron para Brasil, primer pa\u00eds fuera de Europa en el que se difundi\u00f3 el Movimiento. Actualmente Brasil cuenta con alrededor de 300.000 adherentes y 61 centros.<\/p>\n","protected":false},"excerpt":{"rendered":"<p>Empieza en Brasil, el 8 de marzo, el proceso de beatificaci\u00f3n de una de las primeras compa\u00f1eras de Chiara Lubich, Ginetta Calliari, entre las iniciadoras del Movimiento de los Focolares en Brasil.<\/p>\n","protected":false},"author":34,"featured_media":0,"comment_status":"open","ping_status":"open","sticky":false,"template":"","format":"standard","meta":{"give_campaign_id":0,"_seopress_robots_primary_cat":"","_seopress_titles_title":"","_seopress_titles_desc":"","_seopress_robots_index":"","_et_pb_use_builder":"","_et_pb_old_content":"","_et_gb_content_width":"","footnotes":""},"categories":[46],"tags":[],"class_list":["post-294302","post","type-post","status-publish","format-standard","hentry","category-sin-categorizar"],"_links":{"self":[{"href":"https:\/\/www.focolare.org\/es\/wp-json\/wp\/v2\/posts\/294302","targetHints":{"allow":["GET"]}}],"collection":[{"href":"https:\/\/www.focolare.org\/es\/wp-json\/wp\/v2\/posts"}],"about":[{"href":"https:\/\/www.focolare.org\/es\/wp-json\/wp\/v2\/types\/post"}],"author":[{"embeddable":true,"href":"https:\/\/www.focolare.org\/es\/wp-json\/wp\/v2\/users\/34"}],"replies":[{"embeddable":true,"href":"https:\/\/www.focolare.org\/es\/wp-json\/wp\/v2\/comments?post=294302"}],"version-history":[{"count":0,"href":"https:\/\/www.focolare.org\/es\/wp-json\/wp\/v2\/posts\/294302\/revisions"}],"wp:attachment":[{"href":"https:\/\/www.focolare.org\/es\/wp-json\/wp\/v2\/media?parent=294302"}],"wp:term":[{"taxonomy":"category","embeddable":true,"href":"https:\/\/www.focolare.org\/es\/wp-json\/wp\/v2\/categories?post=294302"},{"taxonomy":"post_tag","embeddable":true,"href":"https:\/\/www.focolare.org\/es\/wp-json\/wp\/v2\/tags?post=294302"}],"curies":[{"name":"wp","href":"https:\/\/api.w.org\/{rel}","templated":true}]}}