{"id":294326,"date":"2007-05-02T22:00:00","date_gmt":"2007-05-02T20:00:00","guid":{"rendered":"https:\/\/www.focolare.org\/el-12-de-mayo-en-stuttgart-juntos-por-europa-250-movimientos-y-comunidades-de-varias-iglesias-para-lanzar-puentes-entre-culturas-y-paises\/"},"modified":"2024-05-13T20:49:32","modified_gmt":"2024-05-13T18:49:32","slug":"el-12-de-mayo-en-stuttgart-juntos-por-europa-250-movimientos-y-comunidades-de-varias-iglesias-para-lanzar-puentes-entre-culturas-y-paises","status":"publish","type":"post","link":"https:\/\/www.focolare.org\/es\/el-12-de-mayo-en-stuttgart-juntos-por-europa-250-movimientos-y-comunidades-de-varias-iglesias-para-lanzar-puentes-entre-culturas-y-paises\/","title":{"rendered":"El 12 de mayo en Stuttgart \u201cJuntos por Europa\u201d: 250 Movimientos y comunidades de varias Iglesias para lanzar puentes entre culturas y pa\u00edses"},"content":{"rendered":"<p><strong><strong><img loading=\"lazy\" decoding=\"async\" src=\"https:\/\/www.focolare.org\/wp-content\/uploads\/layout\/edit\/foto\/fotodefault\/BA0036.jpg\" border=\"0\" alt=\"\" hspace=\"5\" vspace=\"5\" width=\"200\" height=\"200\" align=\"right\" \/><\/strong>Despu\u00e9s de tres a\u00f1os de preparaci\u00f3n, est\u00e1 llegando a el d\u00eda<\/strong> de la segunda manifestaci\u00f3n internacional, el pr\u00f3ximo 12 de mayo en Stuttgart (Alemania), en conexi\u00f3n satelital con eventos paralelos en varias ciudades de Europa. En el Estadio Hans Martin Schleyer se esperan miles de personas de todos los pa\u00edses de Europa occidental y centro-oriental. Mientras que otros encuentros contempor\u00e1neos est\u00e1n en preparaci\u00f3n en diversas ciudades: de Par\u00eds a Mosc\u00fa, de Belfast a Madrid, Budapest y Praga.  <strong>En Italia, a partir de la segunda mitad de mayo, la experiencia de Stuttgart ser\u00e1 revivida en m\u00e1s de 30<\/strong> encuentros en las principales ciudades.  <strong>Pero \u00bfqu\u00e9 es \u201cJUNTOS POR EUROPA\u201d?<\/strong> Es una manifestaci\u00f3n-testimonio inspirada en los valores de la fraternidad y del compartir. Quiere ofrecer un aporte a la superaci\u00f3n de prejuicios, nacionalismos, heridas hist\u00f3ricas, conflictos sociales, del miedo al futuro y a la p\u00e9rdida de identidad, como respuesta a la b\u00fasqueda de sentido y de valores.  <strong>\u201cJUNTOS\u201d 250 Movimientos y Comunidades de toda Europa,<\/strong> para lanzar puentes entre culturas y pueblos diversos, entre ciudadanos e instituciones, e imprimir un nuevo impulso a la construcci\u00f3n del continente.  <strong>EN PROGRAMA<\/strong>  <strong>An\u00e1lisis hist\u00f3rico-culturales y espirituales de:<\/strong> <em><strong>Ulrich Parzany,<\/strong><\/em> pastor evang\u00e9lico, l\u00edder de las iniciativas de evangelizaci\u00f3n Pro-Christ, <strong><em>Nicky Gumbel<\/em><\/strong>, Presidente de Alpha Internatllional, surgido en la Iglesia Anglicana, <em><strong>Andrea Riccardi,<\/strong><\/em> fundador de la Comunidad de San Egidio y <strong><em>Chiara Lubich,<\/em><\/strong> fundadora del Movimiento de los Focolares.\u00a0  <strong>Hechos de vida e iniciativas en acto en Europa,<\/strong> ser\u00e1n el centro de la segunda parte del evento. Mostrar\u00e1n c\u00f3mo los Movimientos y las Nuevas Comunidades: -favorecen la vida de la familia; -influyen en el mundo del trabajo y de la econom\u00eda; -construyen relaciones de fraternidad y solidaridad con los pobres y los menos favorecidos; -se comprometen a favor de la justicia y la paz del mundo; -favorecen la cohesi\u00f3n en las ciudades y responden a los retos de la sociedad pluricultural.  <strong>Di\u00e1logo con representantes de instituciones civiles y ecum\u00e9nicas europeas<\/strong> que intervendr\u00e1n en la fase inicial sobre lo que ha madurado desde el primer evento en el 2004 y, en la clausura, sobre las perspectivas. Entre los invitados: <strong><em>Jacques Barrot<\/em><\/strong>, Vicepresidente de la Comisi\u00f3n Europea; <em><strong>Romano Prodi<\/strong><\/em>, Presidente del Consejo italiano; <strong><em>Walter Kasper,<\/em><\/strong> Presidente del Pontificio Consejo para la Unidad de los Cristianos; <em><strong>Anastasios Yannulatos,<\/strong><\/em> Arzobispo Ortodoxo de Tirana y de toda Albania, entre los Presidentes del Consejo Ecum\u00e9nico para las Iglesias (CEC); <strong><em>Arnold de Clermont,<\/em><\/strong> Presidente de la Conferencia de las Iglesias europeas (KEK) y de la Federaci\u00f3n protestante en Francia. \u00a0\u00a0\u00a0\u00a0\u00a0\u00a0\u00a0\u00a0\u00a0\u00a0\u00a0\u00a0\u00a0 <strong>Mensaje a Europa.<\/strong> Ser\u00e1 el acto conclusivo del evento: sobre todo una declaraci\u00f3n de compromiso de los Movimientos y Comunidades de las varias Iglesias cristianas y una propuesta para involucrar a los pol\u00edticos y a la sociedad civil.  <strong><strong><img decoding=\"async\" src=\"https:\/\/www.focolare.org\/wp-content\/uploads\/layout\/edit\/foto\/foto2007\/Stoccarda Cantanti_01.jpg\" border=\"0\" alt=\"\" hspace=\"5\" vspace=\"5\" align=\"left\" \/><\/strong>Espacios art\u00edsticos<\/strong> de diversos pa\u00edses y culturas se intercalar\u00e1n durante todo el programa y comunicar\u00e1n la riqueza y variedad del patrimonio europeo.  <strong>Desde el 2004\u2026<\/strong> &#8211; \u00abJuntos por Europa\u00bb antes de ser una manifestaci\u00f3n es un camino de comuni\u00f3n in\u00e9dito entre Movimientos y Comunidades de diversas Iglesias, \u201claboratorio\u201d de una Europa, familia de pueblos reconciliados. Una etapa en este camino ha sido marcada por la gran manifestaci\u00f3n de Stuttgart del 8 de mayo 2004 que lleg\u00f3 a casi 100.000 europeos presentes en encuentros contempor\u00e1neos y m\u00e1s all\u00e1, gracias al eco de los medios. Un camino en crecimiento: 170 Movimientos y Comunidades involucrados en el 2004; 250 en el 2007.  <strong>El evento se injerta:<\/strong> en el 50\u00ba de los Tratados de Roma -1957-2007; en la Semana Europea que recuerda: el 8 de mayo el fin de la Segunda Guerra Mundial (8.5.1945); 9 de mayo \u2013 fiesta de Europa, por el aniversario de la hist\u00f3rica declaraci\u00f3n de Robert Schuman de 1950, que propon\u00eda la formaci\u00f3n de una comunidad al servicio de la paz, primicia de la Uni\u00f3n Europea.  <strong>La manifestaci\u00f3n \u201cJuntos por Europa\u201d ser\u00e1 precedida y preparada por el Congreso \u201cJUNTOS EN CAMINO\u201d<\/strong> para los responsables y colaboradores de Movimientos y Comunidades \u2013Stuttgart 10-11 de mayo 2007-. M\u00e1s de 20 Foros y 16 mesas redondas tratar\u00e1n numerosas tem\u00e1ticas entre las cuales: evangelizaci\u00f3n, ecumenismo, matrimonio y familia, defensa de la vida, compromiso pol\u00edtico, inmigraci\u00f3n, econom\u00eda, ambiente, medios de comunicaci\u00f3n, paz y justicia.  <strong>Promotores del evento:<\/strong> <em>Friedrich Aschoff,<\/em> <strong>Renovaci\u00f3n Carism\u00e1tica de la Iglesia Evang\u00e9lica en Alemania;<\/strong> <em>Christophe D\u2019Aloisio,<\/em> <strong>Syndesmos<\/strong> \u2013 Fraternidad de 126 organismos juveniles ortodoxos;\u00a0 <em>Nicky Gumbel,<\/em> <strong>Alpha International<\/strong>\u00a0 &#8211; Cursos de evangelizaci\u00f3n nacidos en la Iglesia Anglicana de Inglaterra; <em>Chiara Lubich,<\/em> <strong>Movimiento de los Focolares;<\/strong> <em>Michael J. Marmann<\/em>, <strong>Movimiento de Sch\u00f6nstatt<\/strong> (cat\u00f3lico); <em>Helmut Nicklas<\/em>, <strong>YMCA,<\/strong> Asociaci\u00f3n ecum\u00e9nica internacional de j\u00f3venes cristianos; <em>Ulrich Parzany<\/em>, <strong>Pro Christ,<\/strong> iniciativa de evangelizaci\u00f3n nacida en la Iglesia evang\u00e9lica-luterana; <em>Gerhard Pross,<\/em> <strong>Coordinaci\u00f3n de los Congresos peri\u00f3dicos de Responsables de Movimientos y Comunidades evang\u00e9licas<\/strong>; <em>Andrea Riccardi,<\/em> <strong>Comunidad de San Egidio;<\/strong> <em>Thomas R\u00f6mer<\/em>, <strong>YMCA de Munich<\/strong>; <em>G\u00e9rard Testard,<\/em> <strong>Fondacio <\/strong>\u2013 nacida en la Iglesia Cat\u00f3lica en Francia; <em>Sor Anna-Maria aus der Wiesche<\/em>, <strong>Fraternidad de Cristo de Selbitz,<\/strong> nacida en la Iglesia Evang\u00e9lico-luterana.  Para saber m\u00e1s:\u00a0 <a href=\"http:\/\/www.europ2007.org\/\" target=\"_blank\" rel=\"noopener\">www.europ2007.org<\/a>.<\/p>\n","protected":false},"excerpt":{"rendered":"<p>Por una cultura de comuni\u00f3n a partir de la familia y de la ciudad, de la econom\u00eda y el trabajo, de la nueva y antigua pobreza, de la justicia y la paz<\/p>\n","protected":false},"author":34,"featured_media":0,"comment_status":"open","ping_status":"open","sticky":false,"template":"","format":"standard","meta":{"give_campaign_id":0,"_seopress_robots_primary_cat":"","_seopress_titles_title":"","_seopress_titles_desc":"","_seopress_robots_index":"","_et_pb_use_builder":"","_et_pb_old_content":"","_et_gb_content_width":"","footnotes":""},"categories":[46],"tags":[],"class_list":["post-294326","post","type-post","status-publish","format-standard","hentry","category-sin-categorizar"],"_links":{"self":[{"href":"https:\/\/www.focolare.org\/es\/wp-json\/wp\/v2\/posts\/294326","targetHints":{"allow":["GET"]}}],"collection":[{"href":"https:\/\/www.focolare.org\/es\/wp-json\/wp\/v2\/posts"}],"about":[{"href":"https:\/\/www.focolare.org\/es\/wp-json\/wp\/v2\/types\/post"}],"author":[{"embeddable":true,"href":"https:\/\/www.focolare.org\/es\/wp-json\/wp\/v2\/users\/34"}],"replies":[{"embeddable":true,"href":"https:\/\/www.focolare.org\/es\/wp-json\/wp\/v2\/comments?post=294326"}],"version-history":[{"count":0,"href":"https:\/\/www.focolare.org\/es\/wp-json\/wp\/v2\/posts\/294326\/revisions"}],"wp:attachment":[{"href":"https:\/\/www.focolare.org\/es\/wp-json\/wp\/v2\/media?parent=294326"}],"wp:term":[{"taxonomy":"category","embeddable":true,"href":"https:\/\/www.focolare.org\/es\/wp-json\/wp\/v2\/categories?post=294326"},{"taxonomy":"post_tag","embeddable":true,"href":"https:\/\/www.focolare.org\/es\/wp-json\/wp\/v2\/tags?post=294326"}],"curies":[{"name":"wp","href":"https:\/\/api.w.org\/{rel}","templated":true}]}}