{"id":294330,"date":"2007-05-09T22:00:00","date_gmt":"2007-05-09T20:00:00","guid":{"rendered":"https:\/\/www.focolare.org\/la-atmosfera-espiritual-de-europa-puede-cambiar-movimientos-y-comunidades-cristianas-preparan-en-stuttgart-la-manifestacion-juntos-por-europa\/"},"modified":"2024-05-13T20:49:33","modified_gmt":"2024-05-13T18:49:33","slug":"la-atmosfera-espiritual-de-europa-puede-cambiar-movimientos-y-comunidades-cristianas-preparan-en-stuttgart-la-manifestacion-juntos-por-europa","status":"publish","type":"post","link":"https:\/\/www.focolare.org\/es\/la-atmosfera-espiritual-de-europa-puede-cambiar-movimientos-y-comunidades-cristianas-preparan-en-stuttgart-la-manifestacion-juntos-por-europa\/","title":{"rendered":"\u201cLa atm\u00f3sfera espiritual de Europa puede cambiar\u201d: Movimientos y Comunidades cristianas preparan en Stuttgart la manifestaci\u00f3n \u201cJuntos por Europa\u201d"},"content":{"rendered":"<p><strong>\u201cLa atm\u00f3sfera espiritual de Europa puede cambiar\u201d.<\/strong> Dijo Gerhard Pross, cristiano evang\u00e9lico de la YMCA de Alemania, durante la primera ma\u00f1ana, ante unas 3.000 personas de llenan completamente la Liederhalle de Stuttgat.  Referimos el servicio de la Radio Vaticana:  <strong><strong><img decoding=\"async\" src=\"https:\/\/www.focolare.org\/wp-content\/uploads\/layout\/edit\/foto\/foto2007\/070503-05.jpg\" border=\"0\" alt=\"\" hspace=\"5\" vspace=\"5\" align=\"right\" \/><\/strong>M\u00e1s que un congreso, aqu\u00ed en Stuttgart, lo que se est\u00e1 viviendo es una profunda<\/strong> <strong>experiencia espiritual.<\/strong> No son palabras, sino la cr\u00f3nica sorprendente, desconocida para la mayor\u00eda, de cuanto est\u00e1 haciendo el Esp\u00edritu Santo. Es el fuerte testimonio de un nuevo llamado de Dios \u2013como ha dicho Gerhard Pross \u2013 a salir del propio nicho para llevar nueva vida al desierto de nuestra sociedad \u2013y aqu\u00ed hizo referencia a las palabras pronunciadas por el Papa Benedicto XVI. \u201cUna sociedad \u2013prosigui\u00f3 Pross- \u201cque ya no espera que la atm\u00f3sfera espiritual de Europa pueda cambiar\u201d. \u201c\u00bfD\u00f3nde saca la fuerza? De Jesucristo. En \u00c9l est\u00e1 la fuente de las grandes riquezas de vida espiritual que experimentamos\u201d.  <strong>Una experiencia que se vuelve m\u00e1s fuerte e incisiva en la medida que es vivida en un camino de comuni\u00f3n.<\/strong> De hecho, Juntos por Europa antes de ser el programa de un evento, es la experiencia de un camino en continuo crecimiento ya sea en expansi\u00f3n como en profundidad, entre Movimientos, Comunidades cat\u00f3licas y evang\u00e9licas, ortodoxas y anglicanas y tambi\u00e9n entre las Iglesias libres de toda Europa. Un camino iniciado en 1999, marcado por una etapa importante: el 2004, con el primero Congreso preparatorio y primera manifestaci\u00f3n que tuvo lugar siempre en Stuttgart.  <strong>\u201cEs Dios el actor de este \u201ccamino\u201d \u2013sigui\u00f3 diciendo Pross-<\/strong> Es \u00c9l quien ha hecho que existieran tantos lugares de gracia donde los hombres de nuestro tiempo pueden saciarse con esta vida de la que sienten una sed profunda\u201d. Sorprendente la presentaci\u00f3n de los frutos de este camino. Lipsia: 16 Movimientos juntos son el signo de reconciliaci\u00f3n para los no creyentes. Un nuevo impulso para superar los temores y la persistente desconfianza entre Alemania del Este y del Oeste. Albania: en un encuentro an\u00e1logo hay presencias tambi\u00e9n de Kosovo: \u201cUn rayo de luz\u201d. Copenhagen, en Dinamarca: ayudan a disolver prejuicios entre cat\u00f3licos y protestantes. Suiza: una gran jornada con 48.000 personas. Est\u00e1n presentes todos los 2008 municipios con sus banderas, se encamina un movimiento de oraci\u00f3n nacional, signo de un renovado esp\u00edritu de fe y reconciliaci\u00f3n. En la \u00faltima ma\u00f1ana una meditaci\u00f3n sobre la espiritualidad de la unidad con la lectura de un tema de Chiara Lubich. En la tarde los participantes se subdividieron en m\u00e1s de 20 Foros en donde trataron los m\u00e1s variados temas sociales y espirituales.  <em>Carla Cotignoli para la Radio Vaticana<\/em><\/p>\n","protected":false},"excerpt":{"rendered":"<p>Son 3.000 las personas ya reunidas en la Liederhalle de Stuttgart, animadores de Movimientos y Comunidades de toda Europa de las diversas Iglesias de todo el viejo continente para el congreso que precede y prepara la gran manifestaci\u00f3n del 12 de mayo.<\/p>\n","protected":false},"author":34,"featured_media":0,"comment_status":"open","ping_status":"open","sticky":false,"template":"","format":"standard","meta":{"give_campaign_id":0,"_seopress_robots_primary_cat":"","_seopress_titles_title":"","_seopress_titles_desc":"","_seopress_robots_index":"","_et_pb_use_builder":"","_et_pb_old_content":"","_et_gb_content_width":"","footnotes":""},"categories":[46],"tags":[],"class_list":["post-294330","post","type-post","status-publish","format-standard","hentry","category-sin-categorizar"],"_links":{"self":[{"href":"https:\/\/www.focolare.org\/es\/wp-json\/wp\/v2\/posts\/294330","targetHints":{"allow":["GET"]}}],"collection":[{"href":"https:\/\/www.focolare.org\/es\/wp-json\/wp\/v2\/posts"}],"about":[{"href":"https:\/\/www.focolare.org\/es\/wp-json\/wp\/v2\/types\/post"}],"author":[{"embeddable":true,"href":"https:\/\/www.focolare.org\/es\/wp-json\/wp\/v2\/users\/34"}],"replies":[{"embeddable":true,"href":"https:\/\/www.focolare.org\/es\/wp-json\/wp\/v2\/comments?post=294330"}],"version-history":[{"count":0,"href":"https:\/\/www.focolare.org\/es\/wp-json\/wp\/v2\/posts\/294330\/revisions"}],"wp:attachment":[{"href":"https:\/\/www.focolare.org\/es\/wp-json\/wp\/v2\/media?parent=294330"}],"wp:term":[{"taxonomy":"category","embeddable":true,"href":"https:\/\/www.focolare.org\/es\/wp-json\/wp\/v2\/categories?post=294330"},{"taxonomy":"post_tag","embeddable":true,"href":"https:\/\/www.focolare.org\/es\/wp-json\/wp\/v2\/tags?post=294330"}],"curies":[{"name":"wp","href":"https:\/\/api.w.org\/{rel}","templated":true}]}}