{"id":294332,"date":"2007-05-10T22:00:00","date_gmt":"2007-05-10T20:00:00","guid":{"rendered":"https:\/\/www.focolare.org\/el-amor-y-la-justicia-que-trae-el-evangelio-camino-para-crear-estructuras-que-ofrezcan-un-crecimiento-integral-humano-y-espiritual\/"},"modified":"2024-05-13T20:49:33","modified_gmt":"2024-05-13T18:49:33","slug":"el-amor-y-la-justicia-que-trae-el-evangelio-camino-para-crear-estructuras-que-ofrezcan-un-crecimiento-integral-humano-y-espiritual","status":"publish","type":"post","link":"https:\/\/www.focolare.org\/es\/el-amor-y-la-justicia-que-trae-el-evangelio-camino-para-crear-estructuras-que-ofrezcan-un-crecimiento-integral-humano-y-espiritual\/","title":{"rendered":"El amor y la justicia que trae el Evangelio, camino \u201cpara crear estructuras que ofrezcan un crecimiento integral, humano y espiritual\u201d"},"content":{"rendered":"<p><em>\u201cHe aqu\u00ed que yo estoy a la puerta y toco. Si alguno escucha mi voz y me abre, yo vendr\u00e9 a \u00e9l, cenar\u00e9 con \u00e9l y \u00e9l conmigo.<\/em> Son palabras divinas que llegan al fondo del alma, que sacuden incluso sus ra\u00edces m\u00e1s profundas\u201d. Estas palabras fueron pronunciadas el 12 de mayo pasado, por el Papa Benedicto XVI en la Fazenda de Esperan\u00e7a. A dos horas de la metr\u00f3polis de San Pablo, la Fazenda es una obra social para la recuperaci\u00f3n de t\u00f3xico-dependientes, alcoh\u00f3licos, madres adolescentes, nacida en 1983.\u00a0 Hoy en d\u00eda son 42 los centros difundidos en Brasil y en otras 8 naciones, entre las cuales Alemania y Rusia.  <strong><strong><img loading=\"lazy\" decoding=\"async\" src=\"https:\/\/www.focolare.org\/wp-content\/uploads\/layout\/edit\/foto\/foto2007\/070518-03.jpg\" border=\"0\" alt=\"\" hspace=\"5\" vspace=\"5\" width=\"200\" height=\"229\" align=\"right\" \/><\/strong>El Papa enseguida va al coraz\u00f3n de la experiencia de los j\u00f3venes<\/strong> que lo escuchan: \u201cA un cierto punto de la vida, Jes\u00fas viene y toca, con un toque suave, en lo profundo de\u00a0 corazones bien dispuestos. Con ustedes, \u00c9l lo hizo a trav\u00e9s de una persona amiga o un sacerdote, o quiz\u00e1s, predispuso una serie de coincidencias para hacerles entender que son el objeto de la predilecci\u00f3n divina\u201d. S\u00ed, es precisamente lo que los j\u00f3venes hu\u00e9spedes de la Fazenda experimentan: \u201cno s\u00f3lo \u2013como sigue diciendo el Papa- logran liberarse de la dependencia de las drogas y del alcohol\u201d \u2013hoy d\u00eda son 10.000- \u201csino que encuentran a Dios y la participaci\u00f3n activa en la vida de la Iglesia\u201d,\u00a0 se abre para ellos as\u00ed el camino de la esperanza.  <strong>Benedicto XVI expresa su \u201caprecio por esta Obra<\/strong> que tiene como fundamento espiritual el carisma de San Francisco y la espiritualidad del Movimiento de los Focolares\u201d. El esp\u00edritu de la Fazenda est\u00e1 en profunda sinton\u00eda con el fuerte mensaje que Benedicto XVI ha lanzado desde Brasil para toda Am\u00e9rica Latina, especialmente en el discurso de apertura de la V Conferencia General del Episcopado de Am\u00e9rica Latina. Como dijo el P. Federico Lombardi, director de la sala de prensa vaticana, el Papa \u201cha afrontado en una clave cristiana los retos provocados por las grandes injusticias, los desequilibrios de este continente\u201d. Y una vez m\u00e1s indic\u00f3 en los \u201cvalores del amor y la justicia que ofrece el Evangelio y en el anuncio de la Iglesia\u201d el camino \u201cpara crear estructuras de car\u00e1cter social, econ\u00f3mico, pol\u00edtico que ofrezcan un crecimiento integral, humano y espiritual\u201d.  <strong>\u201cCualquier cosa que hayan hecho al m\u00e1s peque\u00f1o de mis hermanos, a M\u00ed me lo hicieron\u201d.<\/strong> Es viviendo estas palabras, con simples gestos cotidianos, que nace la Fazenda de Esperan\u00e7a. De personas &#8211; un franciscano alem\u00e1n, Hans Stapel, y un joven brasile\u00f1o, Nelson Giovannelli, quienes, sin ning\u00fan programa, d\u00eda tras d\u00eda se dejan guiar por el Esp\u00edritu Santo.<\/p>\n","protected":false},"excerpt":{"rendered":"<p>As\u00ed dijo el Papa Benedicto XVI en Brasil, en el V Conferencia General de Obispos Latinoamericanos. Su mensaje en la Fazenda de Esperanca, el 12 de mayo de 2007.<\/p>\n","protected":false},"author":34,"featured_media":0,"comment_status":"open","ping_status":"open","sticky":false,"template":"","format":"standard","meta":{"give_campaign_id":0,"_seopress_robots_primary_cat":"","_seopress_titles_title":"","_seopress_titles_desc":"","_seopress_robots_index":"","_et_pb_use_builder":"","_et_pb_old_content":"","_et_gb_content_width":"","footnotes":""},"categories":[46],"tags":[],"class_list":["post-294332","post","type-post","status-publish","format-standard","hentry","category-sin-categorizar"],"_links":{"self":[{"href":"https:\/\/www.focolare.org\/es\/wp-json\/wp\/v2\/posts\/294332","targetHints":{"allow":["GET"]}}],"collection":[{"href":"https:\/\/www.focolare.org\/es\/wp-json\/wp\/v2\/posts"}],"about":[{"href":"https:\/\/www.focolare.org\/es\/wp-json\/wp\/v2\/types\/post"}],"author":[{"embeddable":true,"href":"https:\/\/www.focolare.org\/es\/wp-json\/wp\/v2\/users\/34"}],"replies":[{"embeddable":true,"href":"https:\/\/www.focolare.org\/es\/wp-json\/wp\/v2\/comments?post=294332"}],"version-history":[{"count":0,"href":"https:\/\/www.focolare.org\/es\/wp-json\/wp\/v2\/posts\/294332\/revisions"}],"wp:attachment":[{"href":"https:\/\/www.focolare.org\/es\/wp-json\/wp\/v2\/media?parent=294332"}],"wp:term":[{"taxonomy":"category","embeddable":true,"href":"https:\/\/www.focolare.org\/es\/wp-json\/wp\/v2\/categories?post=294332"},{"taxonomy":"post_tag","embeddable":true,"href":"https:\/\/www.focolare.org\/es\/wp-json\/wp\/v2\/tags?post=294332"}],"curies":[{"name":"wp","href":"https:\/\/api.w.org\/{rel}","templated":true}]}}