{"id":294350,"date":"2007-08-14T22:00:00","date_gmt":"2007-08-14T20:00:00","guid":{"rendered":"https:\/\/www.focolare.org\/suiza-chiara-lubich-ciudadana-honoraria-de-mollens-y-cita-de-los-jovenes-para-los-jovenes-sobre-la-politica\/"},"modified":"2024-05-13T20:49:35","modified_gmt":"2024-05-13T18:49:35","slug":"suiza-chiara-lubich-ciudadana-honoraria-de-mollens-y-cita-de-los-jovenes-para-los-jovenes-sobre-la-politica","status":"publish","type":"post","link":"https:\/\/www.focolare.org\/es\/suiza-chiara-lubich-ciudadana-honoraria-de-mollens-y-cita-de-los-jovenes-para-los-jovenes-sobre-la-politica\/","title":{"rendered":"Suiza: Chiara Lubich ciudadana honoraria de Mollens, y cita de los j\u00f3venes para los j\u00f3venes, sobre la pol\u00edtica"},"content":{"rendered":"<p><em><em><img decoding=\"async\" src=\"https:\/\/www.focolare.org\/wp-content\/uploads\/layout\/edit\/foto\/foto2007\/070818-01.jpg\" border=\"0\" alt=\"\" hspace=\"5\" vspace=\"5\" align=\"right\" \/><\/em>\u201cDesde 1974, Chiara Lubich transcurre el verano en Mollens y nos sentimos honrados en acoger esta personalidad internacionalmente reconocida, comprometida a favor de la paz y de la fraternidad universal entre los pueblos\u201d <\/em> Son estas las motivaciones del reconocimiento en la peque\u00f1a ciudad que surge en los altos del Vallese.  En Suiza, el 25 y 26 de agosto de 2007 tendr\u00e1 lugar otra cita: involucra especialmente a los j\u00f3venes y la pol\u00edtica. Se trata del Politics-Party: una iniciativa que se inspira en el esp\u00edritu de Chiara Lubich. Sigue a otras citas con personalidades pol\u00edticas suizas, entre las cuales el alcalde de Mollens quien en una entrevista declar\u00f3:  <em>\u00abEl Movimiento Pol\u00edtico por la Unidad es un reto formidable porque propone una metodolog\u00eda muy distinta con respecto a la pol\u00edtica que nosotros conocemos. En \u00e9l la fraternidad tiene la prioridad en la pol\u00edtica, y se prefiere el di\u00e1logo a la confrontaci\u00f3n dial\u00e9ctica y conflictual. Y esto en los distintos niveles del compromiso pol\u00edtico. Que nuestros j\u00f3venes est\u00e9n involucrados en esta reflexi\u00f3n, me parece que es ya una apertura no indiferente para el futuro, porque no olvidemos que ser\u00e1n nuestros j\u00f3venes quienes decidir\u00e1n un d\u00eda en la pol\u00edtica \u00ab.<\/em><\/p>\n","protected":false},"excerpt":{"rendered":"<p>El otorgamiento de la ciudadan\u00eda: el s\u00e1bado 18 de agosto de 2007 en la plaza comunal; el Politics-party el 25 y 26 de agosto.<\/p>\n","protected":false},"author":34,"featured_media":0,"comment_status":"open","ping_status":"open","sticky":false,"template":"","format":"standard","meta":{"give_campaign_id":0,"_seopress_robots_primary_cat":"","_seopress_titles_title":"","_seopress_titles_desc":"","_seopress_robots_index":"","_et_pb_use_builder":"","_et_pb_old_content":"","_et_gb_content_width":"","footnotes":""},"categories":[46],"tags":[],"class_list":["post-294350","post","type-post","status-publish","format-standard","hentry","category-sin-categorizar"],"_links":{"self":[{"href":"https:\/\/www.focolare.org\/es\/wp-json\/wp\/v2\/posts\/294350","targetHints":{"allow":["GET"]}}],"collection":[{"href":"https:\/\/www.focolare.org\/es\/wp-json\/wp\/v2\/posts"}],"about":[{"href":"https:\/\/www.focolare.org\/es\/wp-json\/wp\/v2\/types\/post"}],"author":[{"embeddable":true,"href":"https:\/\/www.focolare.org\/es\/wp-json\/wp\/v2\/users\/34"}],"replies":[{"embeddable":true,"href":"https:\/\/www.focolare.org\/es\/wp-json\/wp\/v2\/comments?post=294350"}],"version-history":[{"count":0,"href":"https:\/\/www.focolare.org\/es\/wp-json\/wp\/v2\/posts\/294350\/revisions"}],"wp:attachment":[{"href":"https:\/\/www.focolare.org\/es\/wp-json\/wp\/v2\/media?parent=294350"}],"wp:term":[{"taxonomy":"category","embeddable":true,"href":"https:\/\/www.focolare.org\/es\/wp-json\/wp\/v2\/categories?post=294350"},{"taxonomy":"post_tag","embeddable":true,"href":"https:\/\/www.focolare.org\/es\/wp-json\/wp\/v2\/tags?post=294350"}],"curies":[{"name":"wp","href":"https:\/\/api.w.org\/{rel}","templated":true}]}}