{"id":294352,"date":"2007-08-15T22:00:00","date_gmt":"2007-08-15T20:00:00","guid":{"rendered":"https:\/\/www.focolare.org\/helmut-nicklas-decisivo-su-papel-en-la-comunion-entre-los-movimientos-cristianos\/"},"modified":"2024-05-13T20:49:36","modified_gmt":"2024-05-13T18:49:36","slug":"helmut-nicklas-decisivo-su-papel-en-la-comunion-entre-los-movimientos-cristianos","status":"publish","type":"post","link":"https:\/\/www.focolare.org\/es\/helmut-nicklas-decisivo-su-papel-en-la-comunion-entre-los-movimientos-cristianos\/","title":{"rendered":"Helmut Nicklas: \u00abdecisivo su papel en la comuni\u00f3n entre los Movimientos cristianos\u201d"},"content":{"rendered":"<p><strong>\u201cHelmut Nicklas, era realmente una persona carism\u00e1tica por su capacidad de escuchar la voz de Dios y de seguirlo con radicalidad\u201d.<\/strong> Dijo Chiara Lubich en su mensaje le\u00eddo en la Iglesia de San Mateo, catedral evang\u00e9lico-luterana de Munich, el viernes 17 de agosto de 2007, en el momento del \u00faltimo saludo a este \u201camad\u00edsimo amigo y verdadero hermano\u201d quien, con \u201cpasi\u00f3n\u201d, gast\u00f3 su vida por la unidad.<img loading=\"lazy\" decoding=\"async\" src=\"https:\/\/www.focolare.org\/wp-content\/uploads\/layout\/edit\/foto\/foto2007\/070816-02.jpg\" border=\"0\" alt=\"\" hspace=\"5\" vspace=\"5\" width=\"200\" height=\"158\" align=\"right\" \/>  <strong>Helmut Nicklas concluy\u00f3 su santo viaje terreno el domingo 12 de agosto<\/strong>, debido a una dolorosa enfermedad que lo aflig\u00eda desde hac\u00eda m\u00e1s de un a\u00f1o. Ten\u00eda 68 a\u00f1os. Nacido en Nabburg (Alemania), estaba casado, con dos hijos. Desde 1971 hasta el 2002 fue el responsable del YMCA de Munich (La Asociaci\u00f3n ecum\u00e9nica de j\u00f3venes cristianos). De 1982 a 1998 fue tambi\u00e9n vicepresidente del YMCA World-Urban-Network (que comprende m\u00e1s de 2000 asociaciones difundidas en todo el mundo), y a partir de 1985 era miembro del Advisory Bord del International Carismatic Consultation.  <strong>De \u00e9l Chiara Lubich subray\u00f3 sobre todo el \u201cpapel decisivo\u201d desarrollado en el camino de comuni\u00f3n entre los Movimientos y comunidades de varias Iglesias.<\/strong> De ello dio testimonio tambi\u00e9n la numerosa representaci\u00f3n de comunidades y Movimientos evang\u00e9licos y cat\u00f3licos presentes en la celebraci\u00f3n f\u00fanebre, y los mensajes de la Comunidad de San Egidio y del Movimiento de<strong><span style=\"font-family: Times New Roman\"> <\/span><\/strong>Schoenstatt.  Este camino de comuni\u00f3n, iniciado en 1999, floreci\u00f3 Un camino que, iniciado en 1999, floreci\u00f3 en las grandes manifestaciones con el t\u00edtulo \u201cJuntos por Europa\u201d, que tuvieron lugar en Stuttgart (Alemania) en el 2004 y en mayo pasados, para contribuir a dar un alma al continente y superar los conflictos y las barreras.  Ya en los a\u00f1os 60\u00b4 hab\u00eda tenido lugar un primer encuentro entre Chiara y Helmut.  Reportamos seguidamente el <strong>mensaje completo de Chiara Lubich:<\/strong><em>\u00abHe vuelto a ver a Helmut Nicklas despu\u00e9s de muchos a\u00f1os, en 1999, en Ottmaring, con varios responsables de Movimientos evang\u00e9licos. Era la hora del nacimiento de la comuni\u00f3n entre Movimientos de varias Iglesias. Desde entonces, este camino, que estamos recorriendo, tuvo varias etapas en toda Europa y fuera de ella, con grandes e hist\u00f3ricos desarrollos del Pueblo de Dios.<\/em>  <em>Y en las distintas etapas de este camino de comuni\u00f3n, Helmut siempre jug\u00f3 un papel decisivo.<\/em>  <em><img loading=\"lazy\" decoding=\"async\" src=\"https:\/\/www.focolare.org\/wp-content\/uploads\/layout\/edit\/foto\/foto2004\/20040124d.jpg\" border=\"0\" alt=\"\" hspace=\"5\" vspace=\"5\" width=\"200\" height=\"140\" align=\"left\" \/>Justamente en la iglesia de San Mateo, el 8 de diciembre del 2001, vivimos un intercambio de dones espirituales que recordamos como algo muy importante. Despu\u00e9s de mi intervenci\u00f3n sobre el amor mutuo, Helmut invit\u00f3 a los 800 responsables de los Movimientos presentes a hacer un \u201cpacto de amor rec\u00edproco\u201d (Jn.13,34). Este pacto, que renovamos en muchas ocasiones, lo consideramos el fundamento de la comuni\u00f3n entre los Movimientos, y la acompa\u00f1ar\u00e1 siempre.<\/em>  <em>Helmut era una persona carism\u00e1tica, por su capacidad de escuchar la voz de Dios y de seguirla con total radicalismo. Esta capacidad lo orient\u00f3 a vislumbrar nuevos horizontes y lo colm\u00f3 de la pasi\u00f3n por la unidad.<\/em>  <em>Fue un verdadero servidor de la comuni\u00f3n entre los Movimientos; uno que \u2013como \u00e9l mismo dec\u00eda- debe ser capaz de olvidarse de s\u00ed mismo y de los intereses de su propia comunidad, y ponerse al servicio. Y \u00e9l dio el ejemplo.<\/em>  <em>Todos nosotros del Movimiento de los Focolares siempre tendremos en el coraz\u00f3n a Helmut Nicklas, querid\u00edsimo amigo y verdadero hermano\u201d.<\/em>  <strong> Durante su enfermedad, Chiara ha estado continuamente en contacto con \u00e9l<\/strong> a trav\u00e9s de algunos miembros de los Focolares en Alemania. Dos d\u00edas antes de su fallecimiento, a Severin Schmid, quien lo visit\u00f3 en la cl\u00ednica de Munich donde estaba internado, le entreg\u00f3 casi un testamento, precisamente refiri\u00e9ndose a la comuni\u00f3n entre los Movimientos: \u201cHemos vivido momentos hist\u00f3ricos. Son como se\u00f1ales que nos indicar\u00e1n tambi\u00e9n en el futuro el camino. Debemos permanecer fieles a lo que Dios nos ha hecho vivir. Debemos contar esta historia.\u201d  <strong>Helmut Nicklas fue uno de los dos delegados de la Iglesia evang\u00e9lica alemana invitados al Congreso<\/strong> que precedi\u00f3 el gran encuentro de los Movimientos y nuevas comunidades con el Papa Benedicto XVI, en la vigilia del 2006.  En una entrevista de la agencia Zenit, a la pregunta sobre lo que tienen en com\u00fan los Movimientos y comunidades cat\u00f3licos y evang\u00e9licos, Helmut Nicklas respondi\u00f3:  \u00a0\u00abCon los Movimientos cat\u00f3licos nos une la fuerte convicci\u00f3n de que los hombres de hoy tienen necesidad de Jesucristo \u00ab.<\/p>\n","protected":false},"excerpt":{"rendered":"<p>As\u00ed dijo Chiara Lubich en el conmovedor recuerdo de esta \u201cpersonalidad carism\u00e1tica\u201d, miembro de la Iglesia Evang\u00e9lico-luterana de Alemania, entre los responsables del YMCA.<\/p>\n","protected":false},"author":34,"featured_media":0,"comment_status":"open","ping_status":"open","sticky":false,"template":"","format":"standard","meta":{"give_campaign_id":0,"_seopress_robots_primary_cat":"","_seopress_titles_title":"","_seopress_titles_desc":"","_seopress_robots_index":"","_et_pb_use_builder":"","_et_pb_old_content":"","_et_gb_content_width":"","footnotes":""},"categories":[46],"tags":[],"class_list":["post-294352","post","type-post","status-publish","format-standard","hentry","category-sin-categorizar"],"_links":{"self":[{"href":"https:\/\/www.focolare.org\/es\/wp-json\/wp\/v2\/posts\/294352","targetHints":{"allow":["GET"]}}],"collection":[{"href":"https:\/\/www.focolare.org\/es\/wp-json\/wp\/v2\/posts"}],"about":[{"href":"https:\/\/www.focolare.org\/es\/wp-json\/wp\/v2\/types\/post"}],"author":[{"embeddable":true,"href":"https:\/\/www.focolare.org\/es\/wp-json\/wp\/v2\/users\/34"}],"replies":[{"embeddable":true,"href":"https:\/\/www.focolare.org\/es\/wp-json\/wp\/v2\/comments?post=294352"}],"version-history":[{"count":0,"href":"https:\/\/www.focolare.org\/es\/wp-json\/wp\/v2\/posts\/294352\/revisions"}],"wp:attachment":[{"href":"https:\/\/www.focolare.org\/es\/wp-json\/wp\/v2\/media?parent=294352"}],"wp:term":[{"taxonomy":"category","embeddable":true,"href":"https:\/\/www.focolare.org\/es\/wp-json\/wp\/v2\/categories?post=294352"},{"taxonomy":"post_tag","embeddable":true,"href":"https:\/\/www.focolare.org\/es\/wp-json\/wp\/v2\/tags?post=294352"}],"curies":[{"name":"wp","href":"https:\/\/api.w.org\/{rel}","templated":true}]}}