{"id":294362,"date":"2007-09-16T22:00:00","date_gmt":"2007-09-16T20:00:00","guid":{"rendered":"https:\/\/www.focolare.org\/en-camino-hacia-la-unidad-de-la-humanidad-las-propuestas-cristianas-y-gandhianas\/"},"modified":"2024-05-13T20:49:36","modified_gmt":"2024-05-13T18:49:36","slug":"en-camino-hacia-la-unidad-de-la-humanidad-las-propuestas-cristianas-y-gandhianas","status":"publish","type":"post","link":"https:\/\/www.focolare.org\/es\/en-camino-hacia-la-unidad-de-la-humanidad-las-propuestas-cristianas-y-gandhianas\/","title":{"rendered":"\u00abEn camino hacia la unidad de la humanidad. Las propuestas cristianas y gandhianas\u00bb"},"content":{"rendered":"<p>Est\u00e1 bien expresado en el t\u00edtulo el objetivo del Simposio que reunir\u00e1 durante tres d\u00edas, en el Centro Mari\u00e1polis del Movimiento de los Focolares en Castelgandolfo (Roma), exponentes de instituciones acad\u00e9micas y sociales gandhianas, como el <em>Movimiento Sarvodaya Illakiya Pannai, el Shanti Ashram, la Gandhigram Rural University<\/em>, provenientes de Tamil Nadu, en el sur de India.<strong><img decoding=\"async\" src=\"https:\/\/www.focolare.org\/wp-content\/uploads\/layout\/edit\/foto\/foto2007\/070918-01.jpg\" alt=\"\" align=\"right\" border=\"0\" hspace=\"5\" vspace=\"5\" \/><\/strong>  <strong>La primera parte del Simposio ofrecer\u00e1 un intercambio de propuestas y concreciones<\/strong> en el mundo de la pedagog\u00eda, de la econom\u00eda, de la pol\u00edtica, de la ecolog\u00eda.\u00a0 Marcar\u00e1 una ulterior profundizaci\u00f3n en el camino emprendido desde hace algunos a\u00f1os entre exponentes de la cultura inspirada en el Mahatma Gandhi y aquella inspirada en el carisma de la unidad de los Focolares.  <strong>El mi\u00e9rcoles pr\u00f3ximo los participantes participar\u00e1n en una audiencia con el Papa<\/strong>, despu\u00e9s de haber visitado el Consejo Pontificio para el Di\u00e1logo interreligioso.  <strong>Seguir\u00e1n citas en la ciudadela de los Focolares de Loppiano y en Florencia<\/strong>, ciudad que tiene una particular vocaci\u00f3n al di\u00e1logo interreligiosos para la paz entre los pueblos. Estar\u00e1n presentes representantes de la alcald\u00eda y de la Regi\u00f3n Toscana.  <strong><img loading=\"lazy\" decoding=\"async\" style=\"margin-top: 5px;margin-bottom: 5px;margin-right: 10px\" src=\"https:\/\/www.focolare.org\/wp-content\/uploads\/layout\/edit\/foto\/foto2007\/070920-03.jpg\" alt=\"\" width=\"200\" height=\"200\" align=\"left\" border=\"0\" hspace=\"5\" vspace=\"5\" \/>Estos eventos ser\u00e1n un testimonio que a India, donde no faltan fen\u00f3menos de intolerancia religiosa<\/strong>, como evidencia la cr\u00f3nica de las persecuciones hacia los cristianos y musulmanes, la atraviesa tambi\u00e9n una red que une en di\u00e1logo fraterno a cristianos e hind\u00faes, con incidencia en el campo social y cultural.  Del 20 al 23 de septiembre la delegaci\u00f3n indiana estar\u00e1 presente en Toscana con un denso programa:  <strong>Intercambio de experiencias sobre la vida de las ciudadelas de los Focolares y la del Ashram<\/strong> \u2013 en la ciudadela de los Focolares de Loppiano (Incisa Valdarno \u2013 Florencia) \u2013 a partir del d\u00eda 20 en la ma\u00f1ana hasta el 21 de septiembre.  <strong>Congreso sobre el tema \u201cLa Ciudad y la Paz\u201d<\/strong> &#8211; Florencia, Cen\u00e1culo de la Santa Cruz, 21 de septiembre, a las 5.30 pm \u2013 Promovido por: Movimiento Pol\u00edtico por la Unidad (Focolares) &#8211; Centro Regional Toscana, Centro Internacional para Estudiantes Extranjeros \u201cGiorgio La Pira\u201d, Asociaci\u00f3n J\u00f3venes por un Mundo Unido, con el patrocinio de la Regi\u00f3n Toscana, de la Provincia y de la Alcald\u00eda de Florencia.  <img loading=\"lazy\" decoding=\"async\" src=\"http:\/\/ldap.focolare.org\/layout\/fotodefault\/_point-1.gif\" alt=\"\" width=\"12\" height=\"6\" align=\"bottom\" border=\"0\" \/><strong>Encuentro con la Consulta regional para el di\u00e1logo y la paz entre las culturas<\/strong> \u2013 Florencia, Presidencia de la Junta Regional Toscana, v\u00eda Cavour, 18 \u2013 22 de septiembre, a las 10.00 am.<\/p>\n","protected":false},"excerpt":{"rendered":"<p>En Italia, una delegaci\u00f3n de exponentes de instituciones culturales y sociales gandhianas. Di\u00e1logo sobre pedagog\u00eda, econom\u00eda, pol\u00edtica, ecolog\u00eda y sobre la paz entre los pueblos<\/p>\n","protected":false},"author":34,"featured_media":0,"comment_status":"open","ping_status":"open","sticky":false,"template":"","format":"standard","meta":{"give_campaign_id":0,"_seopress_robots_primary_cat":"","_seopress_titles_title":"","_seopress_titles_desc":"","_seopress_robots_index":"","_et_pb_use_builder":"","_et_pb_old_content":"","_et_gb_content_width":"","footnotes":""},"categories":[904],"tags":[],"class_list":["post-294362","post","type-post","status-publish","format-standard","hentry","category-focolare-worldwide-2-2"],"_links":{"self":[{"href":"https:\/\/www.focolare.org\/es\/wp-json\/wp\/v2\/posts\/294362","targetHints":{"allow":["GET"]}}],"collection":[{"href":"https:\/\/www.focolare.org\/es\/wp-json\/wp\/v2\/posts"}],"about":[{"href":"https:\/\/www.focolare.org\/es\/wp-json\/wp\/v2\/types\/post"}],"author":[{"embeddable":true,"href":"https:\/\/www.focolare.org\/es\/wp-json\/wp\/v2\/users\/34"}],"replies":[{"embeddable":true,"href":"https:\/\/www.focolare.org\/es\/wp-json\/wp\/v2\/comments?post=294362"}],"version-history":[{"count":0,"href":"https:\/\/www.focolare.org\/es\/wp-json\/wp\/v2\/posts\/294362\/revisions"}],"wp:attachment":[{"href":"https:\/\/www.focolare.org\/es\/wp-json\/wp\/v2\/media?parent=294362"}],"wp:term":[{"taxonomy":"category","embeddable":true,"href":"https:\/\/www.focolare.org\/es\/wp-json\/wp\/v2\/categories?post=294362"},{"taxonomy":"post_tag","embeddable":true,"href":"https:\/\/www.focolare.org\/es\/wp-json\/wp\/v2\/tags?post=294362"}],"curies":[{"name":"wp","href":"https:\/\/api.w.org\/{rel}","templated":true}]}}