{"id":294368,"date":"2007-10-02T22:00:00","date_gmt":"2007-10-02T20:00:00","guid":{"rendered":"https:\/\/www.focolare.org\/una-primavera-ecumenica-en-praga\/"},"modified":"2024-05-13T20:49:38","modified_gmt":"2024-05-13T18:49:38","slug":"una-primavera-ecumenica-en-praga","status":"publish","type":"post","link":"https:\/\/www.focolare.org\/es\/una-primavera-ecumenica-en-praga\/","title":{"rendered":"Una primavera ecum\u00e9nica en Praga"},"content":{"rendered":"<p><strong><em><img decoding=\"async\" src=\"https:\/\/www.focolare.org\/wp-content\/uploads\/layout\/edit\/foto\/foto2007\/071005-03.jpg\" border=\"0\" alt=\"\" hspace=\"5\" vspace=\"5\" align=\"left\" \/><\/em><\/strong>\u201c<strong>Estamos asistiendo a la primavera ecum\u00e9nica de Praga\u201d.<\/strong> Estas palabras, del Obispo rumano ortodoxo de Serbia, Daniil, expresan muy bien la intensa experiencia de comuni\u00f3n vivida del 20 al 27 de septiembre en Praga,\u00a0encrucijada en el coraz\u00f3n de Europa, por 43 Obispos de 18 Iglesias, provenientes de 17 naciones de 4 continentes, reunidos por el 26\u00b0 Congreso anual.\u00a0  <strong>Las pr\u00f3ximas citas<\/strong>: 2008 en el L\u00edbano, afligido por graves tensiones; 2009 en Wittenberg (Alemania), ciudad-s\u00edmbolo del protestantismo.  <strong>En sus celebraciones y reflexiones, los obispos se concentraron en el actual vuelco hist\u00f3rico<\/strong>, convencidos de que, por el hodierno esfuerzo de la humanidad, podr\u00e1 nacer en las Iglesias un compromiso a\u00fan mayor para llevar la luz del Evangelio al mundo.  <strong><em>\u201cMi noche no tiene oscuridad: por una cultura de la resurrecci\u00f3n\u201d<\/em><\/strong>, ha sido el tema del Congreso, ilustrado con una conversaci\u00f3n\u00a0preparada por Chiara Lubich. En el di\u00e1logo conclusivo, los Obispos afirmaban un\u00e1nimemente que se hab\u00eda cumplido el augurio\u00a0expresado por la fundadora de los Focolares: <em>\u201c\u00a1Que vivan en la luz!\u201d.<\/em>  <strong><strong><img decoding=\"async\" src=\"https:\/\/www.focolare.org\/wp-content\/uploads\/layout\/edit\/foto\/foto2007\/071005-02.jpg\" border=\"0\" alt=\"\" hspace=\"5\" vspace=\"5\" align=\"right\" \/><\/strong><\/strong>El <strong>\u201cDomingo Ecum\u00e9nico\u201d,<\/strong> celebrado en la Rep\u00fabl\u00edca Checa el 23 de septiembre, ha sido el\u00a0v\u00e9rtice de la semana, rica de reflexiones\u00a0 b\u00edblicas, de\u00a0encuentros y visitas a\u00a0 las varias Comunidades cristianas, sin olvidar los tesoros art\u00edsticos y culturales de Praga. En el centro, dedicado a Madre Teresa de Calcuta, los Obispos se\u00a0encontraron con 400 exponentes de la vida civil y eclesial de la ciudad: entre ellos, Cat\u00f3licos, Ortodoxos, Luteranos, Evang\u00e9licos, Metodistas, Bautistas, Vetero-cat\u00f3licos, Pentecostales, Husitas y miembros de la Iglesia de los Hermanos.  <strong><em>\u201cEuropa estaba saliendo del siglo XX con muchas heridas interiores y exteriores<\/em><\/strong> \u2013 ha dicho en esta ocaci\u00f3n el Obispo Christian Krause, ex-presidente de la Federaci\u00f3n Luterana Mundial y,\u00a0como tal, firmante de\u00a0la Declaraci\u00f3n conjunta cat\u00f3lico-luterana sobre la justificaci\u00f3n \u2013 <em>pero Dios ha intervenido\u201d.<\/em> Y record\u00f3 <em>\u201cla revoluci\u00f3n de terciopelo\u201d<\/em> de Praga y la ca\u00edda del muro de Berl\u00edn, as\u00ed como la firma de la Declaraci\u00f3n, sellada en 1999 en Augsburgo (Alemania),\u00a0la cual hizo caer barreras seculares entre las dos denominaciones.  <strong>Ejemplar el compromiso de los cristianos por la reconciliaci\u00f3n<\/strong> y con el fin de dar un testimonio com\u00fan, sin esp\u00edritu de rivalidad en el seno de la sociedad post-comunista,\u00a0expuesto por el Presidente del Consejo Ecum\u00e9nico nacional de las Iglesias, Dr. Pavel Cerny y por el Obispo cat\u00f3lico Frantisek Radkovsky.  <strong>Un largo aplauso\u00a0subray\u00f3 la intervenci\u00f3n de algunos\u00a0Obispos participantes en el Congreso<\/strong>, que ofrecieron\u00a0el testimonio de\u00a0la profunda comuni\u00f3n que los une en la caridad fraterna, <em>\u201ccon Cristo en medio nuestro\u201d.<\/em> <em>\u201cVolver\u00e9 a Australia y llevar\u00e9 a las otras Iglesias en mi coraz\u00f3n. Caminar\u00e9 de la mano con los otros Obispos\u201d,<\/em>\u00a0asegur\u00f2 el Obispo anglicano\u00a0David Murray de Perth. <em>\u201cRealizamos un \u2018di\u00e1logo de la vida<\/em>\u2019 -dij\u00f3 el Card. Miloslav Vlk,\u00a0Arzobispo de Praga y\u00a0\u00a0promotor del Congreso- <em>poniendo el acento en aquello que tenemos en com\u00fan, empezando por el bautismo. <em><img decoding=\"async\" src=\"https:\/\/www.focolare.org\/wp-content\/uploads\/layout\/edit\/foto\/foto2007\/071003-03.jpg\" border=\"0\" alt=\"\" hspace=\"5\" vspace=\"5\" align=\"right\" \/><\/em>No ignoramos las dificultades que existen en las Iglesias y entre las Iglesias, pero experimentemos que el amor evang\u00e9lico, sobre todo el amor a Jes\u00fas crucificado y abandonado, nos da nuevas fuerzas para construir la comuni\u00f3n<\/em> <em>all\u00ed donde v\u00edvimos\u201d.<\/em>  <strong>Se puso de relieve el aporte de los cristianos a la construcci\u00f3n de Europa<\/strong>, emergido\u00a0en el mes de septiembre durante\u00a0la gran III\u00aa Asamblea Ecum\u00e9nica Europea en Sibiu (Ruman\u00eda), promovida por las Iglesias de Europa (CCEE, Consejo de las Conferencias Episcopales Europeas y Kek, Conferencia de las Iglesias cristianas de Europa) con la participaci\u00f3n de 3000 delegados, y tambi\u00e9n en la Manifestaci\u00f3n <em>\u201cJuntos por Europa\u201d<\/em> del 12 de mayo pasado en Stuttgart (Alemania), organizada por movimientos y comunidades de distintas Iglesias del viejo continente.  <strong>En el curso\u00a0del Congreso fueron\u00a0impactantes los testimonios de sacerdotes y laicos<\/strong> que, nutridos con la espiritualidad de los Focolares, ya desde los a\u00f1os 60, tiempo de persecuci\u00f3n, <strong><img decoding=\"async\" src=\"https:\/\/www.focolare.org\/wp-content\/uploads\/layout\/edit\/foto\/foto2007\/071003-04.jpg\" border=\"0\" alt=\"\" hspace=\"5\" vspace=\"5\" align=\"right\" \/><\/strong>sostuvieron a la Iglesia en la entonces Checoslovaquia, irradiando la vida del Evangelio.  <strong>Otro momento de gran intensidad espiritual<\/strong> se vivi\u00f3 en la Catedral, con\u00a0la celebraci\u00f3n de la Misa cat\u00f3lica, en la historica\u00a0capilla de San Wenceslao, donde\u00a0los Obispos recordaron a los santos y a los m\u00e1rtires de los inicios\u00a0de la naci\u00f3n checa y a los testigos v\u00edctimas del nazismo y del comunismo. En este momento los Obispos se propusieron reconocer el rostro del Crucificado en la propia historia personal y en la de sus Iglesias, eligi\u00e9ndole nuevamente a \u00c9l,\u00a0que s\u00f3lo\u00a0puede conducir a los cristianos a la comuni\u00f3n tan esperada.<\/p>\n","protected":false},"excerpt":{"rendered":"<p>Concluy\u00f3 en Praga el 26\u00b0 Congreso ecum\u00e9nico internacional de Obispos de varias Iglesias, amigos del Movimiento de los Focolares<\/p>\n","protected":false},"author":34,"featured_media":0,"comment_status":"open","ping_status":"open","sticky":false,"template":"","format":"standard","meta":{"give_campaign_id":0,"_seopress_robots_primary_cat":"","_seopress_titles_title":"","_seopress_titles_desc":"","_seopress_robots_index":"","_et_pb_use_builder":"","_et_pb_old_content":"","_et_gb_content_width":"","footnotes":""},"categories":[904],"tags":[],"class_list":["post-294368","post","type-post","status-publish","format-standard","hentry","category-focolare-worldwide-2-2"],"_links":{"self":[{"href":"https:\/\/www.focolare.org\/es\/wp-json\/wp\/v2\/posts\/294368","targetHints":{"allow":["GET"]}}],"collection":[{"href":"https:\/\/www.focolare.org\/es\/wp-json\/wp\/v2\/posts"}],"about":[{"href":"https:\/\/www.focolare.org\/es\/wp-json\/wp\/v2\/types\/post"}],"author":[{"embeddable":true,"href":"https:\/\/www.focolare.org\/es\/wp-json\/wp\/v2\/users\/34"}],"replies":[{"embeddable":true,"href":"https:\/\/www.focolare.org\/es\/wp-json\/wp\/v2\/comments?post=294368"}],"version-history":[{"count":0,"href":"https:\/\/www.focolare.org\/es\/wp-json\/wp\/v2\/posts\/294368\/revisions"}],"wp:attachment":[{"href":"https:\/\/www.focolare.org\/es\/wp-json\/wp\/v2\/media?parent=294368"}],"wp:term":[{"taxonomy":"category","embeddable":true,"href":"https:\/\/www.focolare.org\/es\/wp-json\/wp\/v2\/categories?post=294368"},{"taxonomy":"post_tag","embeddable":true,"href":"https:\/\/www.focolare.org\/es\/wp-json\/wp\/v2\/tags?post=294368"}],"curies":[{"name":"wp","href":"https:\/\/api.w.org\/{rel}","templated":true}]}}