{"id":294386,"date":"2007-11-06T23:00:00","date_gmt":"2007-11-06T22:00:00","guid":{"rendered":"https:\/\/www.focolare.org\/el-secreto-esta-precisamente-en-vivir-el-evangelio-para-responder-a-la-compleja-situacion-en-la-que-vive-la-familia\/"},"modified":"2024-05-13T20:49:40","modified_gmt":"2024-05-13T18:49:40","slug":"el-secreto-esta-precisamente-en-vivir-el-evangelio-para-responder-a-la-compleja-situacion-en-la-que-vive-la-familia","status":"publish","type":"post","link":"https:\/\/www.focolare.org\/es\/el-secreto-esta-precisamente-en-vivir-el-evangelio-para-responder-a-la-compleja-situacion-en-la-que-vive-la-familia\/","title":{"rendered":"\u201c\u00a1El secreto est\u00e1 precisamente en vivir el Evangelio!\u201d para responder a la compleja situaci\u00f3n en la que vive la familia"},"content":{"rendered":"<p><em><strong><em><strong><a rel=\"attachment wp-att-48403\" href=\"https:\/\/www.focolare.org\/news\/2007\/11\/07\/per-rispondere-alle-sfide-poste-alla-famiglia-%e2%80%9cil-segreto-e-proprio-vivere-il-vangelo%e2%80%9d\/071107-01-4\/\"><img loading=\"lazy\" decoding=\"async\" class=\"alignright\" style=\"margin: 5px;border: 0px\" src=\"https:\/\/www.focolare.org\/wp-content\/uploads\/2007\/11\/071107-012.jpg\" alt=\"\" width=\"200\" height=\"200\" \/><\/a><\/strong><\/em>Ante los tantos retos sociales y econ\u00f3micos, culturales y religiosos que la sociedad contempor\u00e1nea debe afrontar<\/strong> en todos los lugares del mundo, su obra, realmente providencial, es un signo de esperanza y de aliento para las familias cristianas y debe ser un \u2018espacio\u2019 privilegiado donde se proclame en la vida de todos los d\u00edas la belleza del poner en el centro a Jesucristo y de seguir fielmente el Evangelio<\/em>\u201d. Son las palabras del Papa Benedicto XVI dirigidas a los 400 representantes del Movimiento Familias Nuevas, recibidos por \u00e9l en audiencia el s\u00e1bado 3 de noviembre de 2007.  <strong>Es \u00e9sta la familia \u201cconstruida sobre la roca\u201d, aquella que elige transformar el Evangelio en acci\u00f3n<\/strong>, seg\u00fan el esp\u00edritu del congreso organizado del 1\u00ba al 6 de noviembre por Familias Nuevas.\u00a0 \u201c<em>El secreto est\u00e1 precisamente en vivir el Evangelio<\/em>\u201d, dijo el Papa, en una \u00e9poca en donde la familia a menudo vive \u201csituaciones complejas y dif\u00edciles\u201d. \u201cSi pensamos\u201d\u00a0 observ\u00f3 Benedicto XVI, \u201c<em>en la incertidumbre de los novios ante elecciones definitivas para el futuro, a la crisis de las parejas, a las separaciones y a los divorcios, a las uniones irregulares, a la condici\u00f3n de las viudas, a las familias en dificultad, a la acogida de los menores abandonados<\/em>\u201d.  El Papa, en las primeras frases de su intervenci\u00f3n, envi\u00f3 sus saludos a Chiara Lubich, agradeci\u00e9ndole \u201c<em>Porque con sabidur\u00eda y firme adhesi\u00f3n a la Iglesia, sigue guiando la gran familia de los Focolares<\/em>\u201d.  <strong>Despu\u00e9s en la tarde, las familias reunidas en la sala de congresos de Castelgandolfo (Roma)<\/strong>, celebraron su 40\u00ba en conexi\u00f3n v\u00eda Internet con las Familias Nuevas de todo el mundo: conmoci\u00f3n al volver a escuchar las palabras pronunciadas en 1967 por Chiara, quien desde entonces preve\u00eda el nacimiento de un vast\u00edsimo movimiento de familias. Y ha sido siempre Chiara quien, con un nuevo mensaje, ha dado a las familias el empuje para el hoy y el compromiso para el futuro.  \u201c<em>Transcurridos cuarenta a\u00f1os y viendo el desarrollo y los frutos de Familias Nuevas, se comprende todav\u00eda m\u00e1s el por qu\u00e9 de ese particular impulso del Esp\u00edritu Santo<\/em>\u201d, se lee en el mensaje. \u201c<em>De hecho, se trataba de un gesto muy comprometedor. No s\u00f3lo porque la familia, primera c\u00e9lula de la sociedad, tiene una importancia enorme para la construcci\u00f3n de un mundo de valores y de paz, sino porque Dios la ha dispuesto seg\u00fan el modelo de Su misma vida, la vida de la Sant\u00edsima Trinidad<\/em>\u201d.  <strong>Un designio audaz y bell\u00edsimo el de la familia, pero tambi\u00e9n exigente, especialmente hoy<\/strong>.\u00a0 Para las Familias Nuevas el augurio de parte de Chiara fue \u201cser en este mundo testigos de unidad, de amor duradero, de Evangelio vivido\u201d. As\u00ed, \u201cseguir\u00e1n atrayendo tantos corazones al amor, hasta realizar, con todo el Movimiento de los Focolares, la fraternidad universal\u201d.  <strong>Y todav\u00eda, en las dos horas de transmisi\u00f3n por Internet, una profunda comuni\u00f3n de experiencias de la vida familiar e de su acci\u00f3n<\/strong>, en estos 40 a\u00f1os de historia, en los varios aspectos problem\u00e1ticos de la familia como lo demuestran las tantas concreciones, en peque\u00f1a y vasta escala: desde cursos para novios a escuelas para familias, al sost\u00e9n a distancia y a las numerosas adopciones internacionales.  Para saber m\u00e1s: <a href=\"http:\/\/www.famiglienuove.info\/\">www.famiglienuove.info<\/a><\/p>\n","protected":false},"excerpt":{"rendered":"<p>As\u00ed dijo Benedicto XVI en el encuentro con las Familias Nuevas de los Focolares, llegadas a Roma de los 5 continentes para conmemorar los 40 a\u00f1os de su fundaci\u00f3n. Y proyectarse hacia el futuro<\/p>\n","protected":false},"author":34,"featured_media":0,"comment_status":"open","ping_status":"open","sticky":false,"template":"","format":"standard","meta":{"give_campaign_id":0,"_seopress_robots_primary_cat":"","_seopress_titles_title":"","_seopress_titles_desc":"","_seopress_robots_index":"","_et_pb_use_builder":"","_et_pb_old_content":"","_et_gb_content_width":"","footnotes":""},"categories":[46],"tags":[],"class_list":["post-294386","post","type-post","status-publish","format-standard","hentry","category-sin-categorizar"],"_links":{"self":[{"href":"https:\/\/www.focolare.org\/es\/wp-json\/wp\/v2\/posts\/294386","targetHints":{"allow":["GET"]}}],"collection":[{"href":"https:\/\/www.focolare.org\/es\/wp-json\/wp\/v2\/posts"}],"about":[{"href":"https:\/\/www.focolare.org\/es\/wp-json\/wp\/v2\/types\/post"}],"author":[{"embeddable":true,"href":"https:\/\/www.focolare.org\/es\/wp-json\/wp\/v2\/users\/34"}],"replies":[{"embeddable":true,"href":"https:\/\/www.focolare.org\/es\/wp-json\/wp\/v2\/comments?post=294386"}],"version-history":[{"count":0,"href":"https:\/\/www.focolare.org\/es\/wp-json\/wp\/v2\/posts\/294386\/revisions"}],"wp:attachment":[{"href":"https:\/\/www.focolare.org\/es\/wp-json\/wp\/v2\/media?parent=294386"}],"wp:term":[{"taxonomy":"category","embeddable":true,"href":"https:\/\/www.focolare.org\/es\/wp-json\/wp\/v2\/categories?post=294386"},{"taxonomy":"post_tag","embeddable":true,"href":"https:\/\/www.focolare.org\/es\/wp-json\/wp\/v2\/tags?post=294386"}],"curies":[{"name":"wp","href":"https:\/\/api.w.org\/{rel}","templated":true}]}}