{"id":294400,"date":"2008-01-11T23:00:00","date_gmt":"2008-01-11T22:00:00","guid":{"rendered":"https:\/\/www.focolare.org\/coloreamos-la-ciudad-en-todos-los-continentes-una-accion-de-los-muchachos-por-la-unidad\/"},"modified":"2024-05-13T20:49:41","modified_gmt":"2024-05-13T18:49:41","slug":"coloreamos-la-ciudad-en-todos-los-continentes-una-accion-de-los-muchachos-por-la-unidad","status":"publish","type":"post","link":"https:\/\/www.focolare.org\/es\/coloreamos-la-ciudad-en-todos-los-continentes-una-accion-de-los-muchachos-por-la-unidad\/","title":{"rendered":"\u201cColoreAmos la ciudad\u201d: en todos los continentes una acci\u00f3n de los Muchachos por la Unidad"},"content":{"rendered":"<p><strong>El programa es comprometedor: la \u201cconquista\u201d de la ciudad<\/strong>. Desde hace  algunos a\u00f1os los Muchachos por la Unidad, han decidido arremangarse las mangas,  en sus propias ciudades, donde, como sabemos, se juega el reto de la convivencia  humana. <a rel=\"attachment wp-att-44340\" href=\"https:\/\/www.focolare.org\/news\/2008\/01\/12\/%e2%80%9ccoloriamo-le-citta%e2%80%9d-in-tutti-i-continenti-un%e2%80%99azione-dei-ragazzi-per-l%e2%80%99unita\/080112-03-2\/\"><img loading=\"lazy\" decoding=\"async\" class=\"alignright\" src=\"..\/wp-content\/uploads\/2008\/01\/080112-03.jpg\" alt=\"\" width=\"200\" height=\"200\" \/><\/a>  <strong>El lema est\u00e1 hecho con dos palabras en una:  \u201cColoreAmos<\/strong>\u201d. El campo de acci\u00f3n mantiene una preferencia: los rincones  m\u00e1s grises de ciudades y pueblos.\u00a0 El objetivo: colorear con la fantas\u00eda del  amor, en los cinco continentes, con un m\u00e9todo que se expresa con el lema think  globally, act locally ya que precisamente es lo que hace, pensar globalmente y  actuar localmente, como exige la sociedad de hoy.  <strong>En Mil\u00e1n los  muchachos ponen en la mira un campo Rom<\/strong> . En Ruanda los objetivos son  un instituto para ni\u00f1os hu\u00e9rfanos, el reparto de pediatr\u00eda de un hospital, los  enfermos de SIDA. En California, en una escuela donde hay un clima muy racista,  fundan un club para difundir la cultura del respeto de la diversidad. En India,  juntos, muchachos cristianos e hind\u00faes ayudan a sus coet\u00e1neos con  discapacidades.  <strong>Pero pongamos el lente en lo ocurrido a un grupo  de muchachos de \u00c1frica<\/strong> que decidieron ir a visitar a las detenidas en  la c\u00e1rcel de Iringa, en Tanzania:  <strong><a rel=\"attachment wp-att-44338\" href=\"https:\/\/www.focolare.org\/news\/2008\/01\/12\/%e2%80%9ccoloriamo-le-citta%e2%80%9d-in-tutti-i-continenti-un%e2%80%99azione-dei-ragazzi-per-l%e2%80%99unita\/080112-04-2\/\"><img loading=\"lazy\" decoding=\"async\" class=\"alignleft\" style=\"border: 0pt none;margin: 5px\" src=\"..\/wp-content\/uploads\/2008\/01\/080112-04.jpg\" alt=\"\" width=\"200\" height=\"200\" \/><\/a><\/strong><strong>\u00abLa primera dificultad era convencer a los vigilantes de  que nos dejaran entrar<\/strong>. La segunda era lograr llevar los regalos que  hab\u00edamos puesto en com\u00fan: fruta, sal, jab\u00f3n&#8230; pero tambi\u00e9n la \u2018Palabra de  Vida\u201d, nuestras experiencias y canciones. Caminamos tres kil\u00f3metros antes de  llegar frente a los militares que custodiaban la entrada. Estaban armados y en  sus rostros \u00a1ni la sombra de una sonrisa!\u00a0 Record\u00e1ndonos de que tambi\u00e9n en ellos  deb\u00edamos reconocer el rostro de Jes\u00fas los saludamos, sonriendo nosotros primero.  <em>\u201c\u00a1No todos pueden entrar! Y los que elegiremos de entre ustedes, de todas  formas no podr\u00e1n cantar all\u00e1 dentro<\/em>\u201d.\u00a0 En cambio nos permitieron llevar  nuestros regalos.  <strong>Con las reclusas le\u00edmos la Palabra de  vida<\/strong> y testimoniamos c\u00f3mo ella cambi\u00f3 nuestra existencia. Mientras  habl\u00e1bamos del amor de Dios que es para todos y que tambi\u00e9n nosotros podemos  corresponder, los guardias nos escuchaban en silencio. Al final la alegr\u00eda de  las prisioneras estall\u00f3 en cantos y danzas: era su modo para agradecernos. El  personal de vigilancia, sin palabras, se preguntaba: <em>\u201c\u00bfPero qui\u00e9nes son  estos muchachos?<\/em>\u201d Regresamos a casa felices con fuerzas nuevas para seguir  coloreando la ciudad\u00bb.<\/p>\n","protected":false},"excerpt":{"rendered":"<p>Colorear los rincones grises de la ciudad con una competencia para ver qui\u00e9n se dona m\u00e1s. Adolescentes involucrados en una iniciativa que tiende a construir relaciones de fraternidad<\/p>\n","protected":false},"author":34,"featured_media":0,"comment_status":"open","ping_status":"open","sticky":false,"template":"","format":"standard","meta":{"give_campaign_id":0,"_seopress_robots_primary_cat":"","_seopress_titles_title":"","_seopress_titles_desc":"","_seopress_robots_index":"","_et_pb_use_builder":"","_et_pb_old_content":"","_et_gb_content_width":"","footnotes":""},"categories":[46],"tags":[899],"class_list":["post-294400","post","type-post","status-publish","format-standard","hentry","category-sin-categorizar","tag-chicos"],"_links":{"self":[{"href":"https:\/\/www.focolare.org\/es\/wp-json\/wp\/v2\/posts\/294400","targetHints":{"allow":["GET"]}}],"collection":[{"href":"https:\/\/www.focolare.org\/es\/wp-json\/wp\/v2\/posts"}],"about":[{"href":"https:\/\/www.focolare.org\/es\/wp-json\/wp\/v2\/types\/post"}],"author":[{"embeddable":true,"href":"https:\/\/www.focolare.org\/es\/wp-json\/wp\/v2\/users\/34"}],"replies":[{"embeddable":true,"href":"https:\/\/www.focolare.org\/es\/wp-json\/wp\/v2\/comments?post=294400"}],"version-history":[{"count":0,"href":"https:\/\/www.focolare.org\/es\/wp-json\/wp\/v2\/posts\/294400\/revisions"}],"wp:attachment":[{"href":"https:\/\/www.focolare.org\/es\/wp-json\/wp\/v2\/media?parent=294400"}],"wp:term":[{"taxonomy":"category","embeddable":true,"href":"https:\/\/www.focolare.org\/es\/wp-json\/wp\/v2\/categories?post=294400"},{"taxonomy":"post_tag","embeddable":true,"href":"https:\/\/www.focolare.org\/es\/wp-json\/wp\/v2\/tags?post=294400"}],"curies":[{"name":"wp","href":"https:\/\/api.w.org\/{rel}","templated":true}]}}