{"id":294404,"date":"2008-01-18T23:00:00","date_gmt":"2008-01-18T22:00:00","guid":{"rendered":"https:\/\/www.focolare.org\/inicia-el-instituto-universitario-sophia-del-movimiento-de-los-focolares\/"},"modified":"2024-05-13T20:49:41","modified_gmt":"2024-05-13T18:49:41","slug":"inicia-el-instituto-universitario-sophia-del-movimiento-de-los-focolares","status":"publish","type":"post","link":"https:\/\/www.focolare.org\/es\/inicia-el-instituto-universitario-sophia-del-movimiento-de-los-focolares\/","title":{"rendered":"Inicia el Instituto Universitario \u00abSophia\u00bb del Movimiento de los Focolares"},"content":{"rendered":"<p><strong><a rel=\"attachment wp-att-43850\" href=\"https:\/\/www.focolare.org\/news\/2008\/01\/19\/prende-il-via-l%e2%80%99istituto-universitario-sophia-del-movimento-dei-focolari\/080119-03-2\/\"><img alt=\"\" alt=\"\" loading=\"lazy\" decoding=\"async\" class=\"alignright size-full wp-image-43850\" src=\"https:\/\/www.focolare.org\/wp-content\/uploads\/2008\/01\/080119-03.jpg\" alt=\"\" width=\"200\" height=\"200\" \/><\/a>El Instituto  Universitario \u201cSophia\u201d, nace de la intuici\u00f3n de la fundadora y presidente del  Movimiento de los Focolares (Obra de Mar\u00eda), Chiara Lubich<\/strong>. Promovido  por ella y por un grupo internacional de docentes, fue erigido oficialmente por  la Santa Sede mediante decreto del 7 de diciembre de 2007.  <strong>Sede <\/strong>\u2013 El Instituto tendr\u00e1 su sede en Loppiano, ciudadela  del Movimiento, en Incisa in Valdarno (Florencia). A partir del curso 2008\/2009 ofrecer\u00e1 una especializaci\u00f3n  de dos a\u00f1os de duraci\u00f3n (Master) en \u201cFundamentos y perspectivas de una cultura  de la unidad\u201d. En esta fase inicial contar\u00e1 cada a\u00f1o con 50 estudiantes. M\u00e1s  adelante se podr\u00e1 cursar el correspondiente doctorado.  <strong>Qu\u00e9 ofrece<\/strong> \u2013 Durante el primer a\u00f1o del Master se impartir\u00e1n  cursos comunes en cuatro \u00e1reas fundamentales: teolog\u00eda, filosof\u00eda, ciencias del  vivir social y racionalidad l\u00f3gico-cient\u00edfica. En el segundo a\u00f1o, el estudiante  podr\u00e1 elegir entre las ense\u00f1anzas espec\u00edficas seg\u00fan las vertientes  filos\u00f3fico-teol\u00f3gica o pol\u00edtico-econ\u00f3mica.  <strong>Caracter\u00edsticas<\/strong> \u2013 Se trata de un laboratorio acad\u00e9mico de  formaci\u00f3n, estudio e investigaci\u00f3n con una fuerte relaci\u00f3n a la luz del  Evangelio; <a rel=\"attachment wp-att-43868\" href=\"https:\/\/www.focolare.org\/news\/2008\/01\/19\/prende-il-via-l%e2%80%99istituto-universitario-sophia-del-movimento-dei-focolari\/080119-05-2\/\"><img alt=\"\" alt=\"\" loading=\"lazy\" decoding=\"async\" class=\"alignleft size-full wp-image-43868\" style=\"border: 0pt none;margin: 5px\" src=\"https:\/\/www.focolare.org\/wp-content\/uploads\/2008\/01\/080119-05.jpg\" alt=\"\" width=\"200\" height=\"200\" \/><\/a>una ocasi\u00f3n innovadora  de crecimiento humano y cultural, que conjuga estudio y experiencia dentro de  una comunidad de vida y pensamiento, en la que la relaci\u00f3n entre las personas es  la base de la relaci\u00f3n entre las disciplinas.  El estudio, la investigaci\u00f3n y las clases se orientan a instaurar un di\u00e1logo  constante entre los docentes y entre los estudiantes y los docentes. La  consecuencia que se deriva es un tipo de ense\u00f1anza con distintas perspectivas  por parte de los profesores y la activa y personal aportaci\u00f3n de los estudiantes  en la b\u00fasqueda com\u00fan. Las clases te\u00f3ricas estar\u00e1n integradas con pr\u00e1cticas,  visitas guiadas, encuentros con testigos privilegiados, per\u00edodos de aprendizaje  o stages en varios \u00e1mbitos, en particular en puestos de compromiso profesional,  cultural y social que son expresi\u00f3n de una \u201ccultura de la unidad\u201d, como, por  ejemplo, las empresas de la \u201cEconom\u00eda de Comuni\u00f3n\u201d. Tambi\u00e9n est\u00e1n previstos  encuentros con realidades civiles y eclesiales, con comunidades de distintas  tradiciones cristianas, con exponentes de varias religiones y con representantes  de las expresiones multiformes de la cultura contempor\u00e1nea.  <strong>Objetivo<\/strong> &#8211; El curso tratar\u00e1 de otorgar una s\u00f3lida capacidad  cultural, de car\u00e1cter human\u00edstico y antropol\u00f3gico, dando valor a los  conocimientos universitarios adquiridos con anterioridad en las distintas  disciplinas y promoviendo su integraci\u00f3n con aptitudes nuevas y espec\u00edficas de  signo interdisciplinario, intercultural, relacional. <a rel=\"attachment wp-att-43851\" href=\"https:\/\/www.focolare.org\/news\/2008\/01\/19\/prende-il-via-l%e2%80%99istituto-universitario-sophia-del-movimento-dei-focolari\/080119-04-2\/\"><img alt=\"\" alt=\"\" loading=\"lazy\" decoding=\"async\" class=\"alignright size-full wp-image-43851\" style=\"border: 0pt none;margin: 5px\" src=\"https:\/\/www.focolare.org\/wp-content\/uploads\/2008\/01\/080119-04.jpg\" alt=\"\" width=\"200\" height=\"200\" \/><\/a>El objetivo del Instituto es formar l\u00edderes y acad\u00e9micos,  preparados para afrontar el complejo mundo de hoy, con un bagaje de capacidades  intelectuales y competencias interdisciplinares, interculturales y  relacionales.  <strong>Cuerpo docente<\/strong> \u2013 El Presidente del Instituto es Piero Coda,  actualmente Profesor titular de Teolog\u00eda sistem\u00e1tica en la Universidad  Pontificia Lateranense di Roma y presidente de la Asociaci\u00f3n Teol\u00f3gica Italiana;  entre los profesores residentes que desarrollar\u00e1n actividades de ense\u00f1anza y de  investigaci\u00f3n sobre las principales disciplinas, se encuentran Antonio Maria  Baggio, Profesor asociado de \u00c9tica social en la Universidad Pontificia  Gregoriana; Luigino Bruni,  Profesor asociado de Econom\u00eda Pol\u00edtica en la Universidad de Milano-Bicocca;  Judith Povilus, Profesora de Matem\u00e1ticas en la De Paul University de Chicago y  coordinadora del grupo internacional de investigaci\u00f3n Mathzero en el campo de la  l\u00f3gica formal; Sergio Rondinara, Profesor de Filosof\u00eda de la Ciencia en la  Universidad Pontificia Salesiana de Roma y de \u00c9tica ambiental en la Universidad  Pontificia Gregoriana; Gerard Ross\u00e9, Profesor de Ex\u00e9gesis del Nuevo Testamento  en el Instituto Mystici Corporis de Loppiano (Italia) y en el Ecole de la foi de  Friburgo (Suiza).  <strong>Decreto pontificio<\/strong> &#8211; El decreto de erecci\u00f3n fue firmado por  el Card. Zen\u00f3n Grocholewski, Prefecto de la Congregaci\u00f3n para la Educaci\u00f3n  Cat\u00f3lica que, en la carta de acompa\u00f1amiento a Chiara Lubich, subraya la novedad  del Instituto \u201cque ahonda sus ra\u00edces en la espiritualidad de la unidad y en las  ricas experiencias del Movimiento\u201d, expresando sus mejores deseos para \u201ceste  importante proyecto bien enraizado en la tradici\u00f3n acad\u00e9mica, pero, al mismo  tiempo, audaz y con perspectivas\u201d.  <strong>Sobre este nuevo Instituto acad\u00e9mico se ha pronunciado tambi\u00e9n el  Cardenal Secretario de Estado, Tarcisio Bertone<\/strong>, con motivo de un  encuentro con los sacerdotes diocesanos focolarinos (Centro Mari\u00e1polis de  Castelgandolfo, 15.01.2008), defini\u00e9ndolo \u201cun don para la Iglesia y para la  sociedad de nuestro tiempo\u201d. Ha destacado sus \u201cobjetivos de comuni\u00f3n\u201d, en  particular el car\u00e1cter marcadamente interdisciplinario, la influencia sobre la  \u201cformaci\u00f3n de los l\u00edderes\u201d, y las perspectivas de incidir en los campos m\u00e1s  variados: \u201cpol\u00edtico, econ\u00f3mico, cient\u00edfico y filos\u00f3fico\u201d.<\/p>\n","protected":false},"excerpt":{"rendered":"<p>Erigido mediante decreto pontificio del 7 de diciembre de 2007, comenzar\u00e1 su actividad en el oto\u00f1o de 2008<\/p>\n","protected":false},"author":34,"featured_media":0,"comment_status":"open","ping_status":"open","sticky":false,"template":"","format":"standard","meta":{"give_campaign_id":0,"_seopress_robots_primary_cat":"","_seopress_titles_title":"","_seopress_titles_desc":"","_seopress_robots_index":"","_et_pb_use_builder":"","_et_pb_old_content":"","_et_gb_content_width":"","footnotes":""},"categories":[904],"tags":[],"class_list":["post-294404","post","type-post","status-publish","format-standard","hentry","category-focolare-worldwide-2-2"],"_links":{"self":[{"href":"https:\/\/www.focolare.org\/es\/wp-json\/wp\/v2\/posts\/294404","targetHints":{"allow":["GET"]}}],"collection":[{"href":"https:\/\/www.focolare.org\/es\/wp-json\/wp\/v2\/posts"}],"about":[{"href":"https:\/\/www.focolare.org\/es\/wp-json\/wp\/v2\/types\/post"}],"author":[{"embeddable":true,"href":"https:\/\/www.focolare.org\/es\/wp-json\/wp\/v2\/users\/34"}],"replies":[{"embeddable":true,"href":"https:\/\/www.focolare.org\/es\/wp-json\/wp\/v2\/comments?post=294404"}],"version-history":[{"count":0,"href":"https:\/\/www.focolare.org\/es\/wp-json\/wp\/v2\/posts\/294404\/revisions"}],"wp:attachment":[{"href":"https:\/\/www.focolare.org\/es\/wp-json\/wp\/v2\/media?parent=294404"}],"wp:term":[{"taxonomy":"category","embeddable":true,"href":"https:\/\/www.focolare.org\/es\/wp-json\/wp\/v2\/categories?post=294404"},{"taxonomy":"post_tag","embeddable":true,"href":"https:\/\/www.focolare.org\/es\/wp-json\/wp\/v2\/tags?post=294404"}],"curies":[{"name":"wp","href":"https:\/\/api.w.org\/{rel}","templated":true}]}}