{"id":294422,"date":"2008-03-15T23:00:00","date_gmt":"2008-03-15T22:00:00","guid":{"rendered":"https:\/\/www.focolare.org\/el-homenaje-de-miles-de-personas-a-chiara-lubich\/"},"modified":"2024-05-13T20:49:43","modified_gmt":"2024-05-13T18:49:43","slug":"el-homenaje-de-miles-de-personas-a-chiara-lubich","status":"publish","type":"post","link":"https:\/\/www.focolare.org\/es\/el-homenaje-de-miles-de-personas-a-chiara-lubich\/","title":{"rendered":"El homenaje de miles de personas a Chiara Lubich"},"content":{"rendered":"<p><strong><a href=\"https:\/\/www.focolare.org\/wp-content\/uploads\/layout\/edit\/foto\/foto2008\/080315-03.jpg\"><img loading=\"lazy\" decoding=\"async\" class=\"alignleft size-full wp-image-12639\" src=\"https:\/\/www.focolare.org\/wp-content\/uploads\/layout\/edit\/foto\/foto2008\/080315-03.jpg\" alt=\"080315-03\" width=\"200\" height=\"150\" \/><\/a>En un clima denso de serenidad,<\/strong> conmoci\u00f3n y oraci\u00f3n, es continuo el flujo de personas de todas las edades que vienen a rendir homenaje a <a href=\"https:\/\/www.focolare.org\/es\/chiara-lubich\/\">Chiara Lubich<\/a>. En la capilla ardiente, preparada en la sala de encuentros del Centro Internacional de los Focolares en Rocca di Papa, Chiara se encuentra acomodada en el centro de la sala, rodeada por much\u00edsimas flores. Detr\u00e1s de ella un icono de Mar\u00eda con el Ni\u00f1o Jes\u00fas, regalo del Papa Juan Pablo II.<\/p>\n<p>Entre las personalidades: un testigo de los \u00faltimos 30-40 d\u00edas de su vida en el Policl\u00ednico Gemelli, el Dr. Salvatore Valente, titular de la C\u00e1tedra de Neumolog\u00eda quien le hizo el tratamiento: \u201cEn este tiempo Chiara ha soportado, ha tolerado todos los sufrimientos con una serenidad, con una participaci\u00f3n constructiva, verdaderamente conmovedora. Muchas veces el sufrimiento es s\u00f3lo un peso doloroso. En cambio ella ha mantenido una mirada serena que me ha impresionado much\u00edsimo. Hasta el momento del \u201cpasaje\u201d.<\/p>\n<p><strong>Tambi\u00e9n el Card. Stanislao Rylko, Presidente del Consejo Pontificio para los Laicos<\/strong> ha querido subir a Rocca di Papa: \u201cHe tenido varios encuentros con Chiara: el \u00faltimo con ocasi\u00f3n de las fiestas de Navidad. Pero cada encuentro con ella ha sido para mi vida un acontecimiento que ha dejado unas huellas muy profundas. Era una persona que, con su entusiasmo por las cosas de Dios, contagiaba a todos sus interlocutores\u201d. El Cardenal ha dejado un mensaje a sus hijos espirituales: \u201clleven adelante esta llama del Carisma con mucha valent\u00eda: es una historia, en la Iglesia, que no se cierra, sino que se abre\u201d. Tambi\u00e9n el Subsecretario del Consejo Pontificio, Guzm\u00e1n Carriquiry, vino personalmente.<\/p>\n<p><strong>Andrea Riccardi,<\/strong> de la Comunidad de San Egidio expres\u00f3, como fundador, una impresi\u00f3n personal: \u201cChiara me ha ense\u00f1ado la dignidad del carisma, su valor, que es la cosa m\u00e1s preciosa que tenemos\u201d y agreg\u00f3 \u201cChiara es de todos: es de la Iglesia, es tambi\u00e9n de la gente de otras religiones, Chiara es del mundo, porque ha sido de Jes\u00fas. Ahora que est\u00e1 en silencio debemos aprender a escucharla mejor y la podremos escuchar s\u00f3lo si hacemos unidad entre nosotros\u201d.<\/p>\n<p><strong><a href=\"https:\/\/www.focolare.org\/news\/2008\/03\/16\/l%e2%80%99omaggio-di-migliaia-di-persone-a-chiara-lubich\/2336599941_c2f02bf9d9_m1\/\" rel=\"attachment wp-att-47850\"><img loading=\"lazy\" decoding=\"async\" class=\"alignleft\" style=\"margin: 5px;border: 0px\" src=\"https:\/\/www.focolare.org\/wp-content\/uploads\/2008\/03\/2336599941_c2f02bf9d9_m1-200x180.jpg\" alt=\"\" width=\"200\" height=\"180\" \/><\/a>Salvatore Mart\u00ednez<\/strong>, coordinador nacional de la Renovaci\u00f3n Carism\u00e1tica italiana afirm\u00f3: \u201cLa herencia de Chiara es una herencia de amor signo de una maternidad espiritual de la cual todos nosotros laicos estamos agradecidos\u201d. Resalt\u00f3 el testimonio de esta mujer \u201cque no se ha detenido ante los desaf\u00edos de la secularizaci\u00f3n y de los antagonismos culturales, ideol\u00f3gicos y religiosos\u201d.<\/p>\n<p><strong>Permanecieron en oraci\u00f3n<\/strong> ante Chiara tambi\u00e9n Fr\u00e8re Alois, el prior de la Comunidad de Taiz\u00e9, sucesor de Fr. Roger, junto a dos hermanos. \u201cNosotros en Taiz\u00e9 \u2013dijo Fr. Alois- damos gracias a Dios por la vida de Chiara. Es una luz para nosotros. Y esta luz permanece entre nosotros\u201d. Y record\u00f3 \u201cla gran estima y el gran amor que Fr. Roger sent\u00eda por ella\u201d.<\/p>\n<p>Mientras tanto siguen llegando mensajes de todo el mundo de personalidades pol\u00edticas y religiosas:<\/p>\n<p><strong>El presidente de la Rep\u00fablica italiana Giorgio Napoletano<\/strong> define a Chiara Lubich como \u201cuna de las figuras m\u00e1s representativas del di\u00e1logo interreligioso e intercultural, una voz fecunda y l\u00edmpida en el debate contempor\u00e1neo. Ha sabido fundar \u2013se lee- un Movimiento entre los m\u00e1s extensos del mundo, en grado de confrontarse con esp\u00edritu abierto, con el mundo laico sobre la base de la supremac\u00eda de los ideales humanos de la solidaridad, la justicia y la paz entre los pueblos y naciones\u201d.<\/p>\n<p><strong>El telegrama de la Conferencia Episcopal Italiana firmado por el Presidente Card. Bagnasco<\/strong> y por el Secretario General Mons. Betori, habla de la experiencia de Chiara, como de \u201cuna experiencia de comuni\u00f3n que enriquece la vida de la Iglesia en Italia y en el mundo\u201d. Y recuerda \u201ccon particular reconocimiento la fuerza de su testimonio que ha propuesto un camino de fe fundado en el principio de la unidad, fuente en la Iglesia y en el mundo de itinerarios de vida bajo el signo de la plenitud de la alegr\u00eda\u201d.<\/p>\n<p><strong>Muchos los testimonios<\/strong> de fundadores y presidentes de Movimientos y nuevas Comunidades con los que Chiara ten\u00eda una relaci\u00f3n muy profunda, en especial a partir de 1998 cuando Juan Pablo II los hab\u00eda invitado a la comuni\u00f3n rec\u00edproca. Citamos s\u00f3lo dos:<\/p>\n<p><strong>La comunidad del Padre Benzi<\/strong> en las palabras del sucesor Paolo Ramonda, expresa la gratitud \u201cpor su amor por los otros Movimientos, asociaciones y nuevas comunidades para los que Chiara era una conductora incansable hacia la comuni\u00f3n\u201d.<\/p>\n<p>El Padre Juli\u00e1n Carr\u00f3n, sucesor del Padre Giussani gu\u00eda de la Fraternidad de Comuni\u00f3n y Liberaci\u00f3n, en una carta \u201crecuerda los largos a\u00f1os de amistad con el Padre Giussani. Habla de su Carisma \u201csuscitado para hacer vivo el acontecimiento cristiano como luz que sostiene la esperanza\u201d.<\/p>\n","protected":false},"excerpt":{"rendered":"<p>El testimonio del m\u00e9dico sobre los \u00faltimos d\u00edas. Entre las personalidades venidas a rendirle homenaje a Chiara, el Card. Rylko y algunos responsables de Movimientos y Comunidades Eclesiales<\/p>\n","protected":false},"author":34,"featured_media":0,"comment_status":"open","ping_status":"open","sticky":false,"template":"","format":"standard","meta":{"give_campaign_id":0,"_seopress_robots_primary_cat":"","_seopress_titles_title":"","_seopress_titles_desc":"","_seopress_robots_index":"","_et_pb_use_builder":"","_et_pb_old_content":"","_et_gb_content_width":"","footnotes":""},"categories":[46],"tags":[],"class_list":["post-294422","post","type-post","status-publish","format-standard","hentry","category-sin-categorizar"],"_links":{"self":[{"href":"https:\/\/www.focolare.org\/es\/wp-json\/wp\/v2\/posts\/294422","targetHints":{"allow":["GET"]}}],"collection":[{"href":"https:\/\/www.focolare.org\/es\/wp-json\/wp\/v2\/posts"}],"about":[{"href":"https:\/\/www.focolare.org\/es\/wp-json\/wp\/v2\/types\/post"}],"author":[{"embeddable":true,"href":"https:\/\/www.focolare.org\/es\/wp-json\/wp\/v2\/users\/34"}],"replies":[{"embeddable":true,"href":"https:\/\/www.focolare.org\/es\/wp-json\/wp\/v2\/comments?post=294422"}],"version-history":[{"count":0,"href":"https:\/\/www.focolare.org\/es\/wp-json\/wp\/v2\/posts\/294422\/revisions"}],"wp:attachment":[{"href":"https:\/\/www.focolare.org\/es\/wp-json\/wp\/v2\/media?parent=294422"}],"wp:term":[{"taxonomy":"category","embeddable":true,"href":"https:\/\/www.focolare.org\/es\/wp-json\/wp\/v2\/categories?post=294422"},{"taxonomy":"post_tag","embeddable":true,"href":"https:\/\/www.focolare.org\/es\/wp-json\/wp\/v2\/tags?post=294422"}],"curies":[{"name":"wp","href":"https:\/\/api.w.org\/{rel}","templated":true}]}}