{"id":294426,"date":"2008-03-17T23:00:00","date_gmt":"2008-03-17T22:00:00","guid":{"rendered":"https:\/\/www.focolare.org\/el-ultimo-saludo-a-chiara-lubich-en-san-pablo-extramuros-en-roma-martes-18-de-marzo-a-las-3-00-p-m\/"},"modified":"2024-05-13T20:49:55","modified_gmt":"2024-05-13T18:49:55","slug":"el-ultimo-saludo-a-chiara-lubich-en-san-pablo-extramuros-en-roma-martes-18-de-marzo-a-las-3-00-p-m","status":"publish","type":"post","link":"https:\/\/www.focolare.org\/es\/el-ultimo-saludo-a-chiara-lubich-en-san-pablo-extramuros-en-roma-martes-18-de-marzo-a-las-3-00-p-m\/","title":{"rendered":"El \u00faltimo saludo a Chiara Lubich en San Pablo extramuros en Roma Martes 18 de marzo a las 3.00 p.m."},"content":{"rendered":"<p>\u00abHe recibido con profunda conmoci\u00f3n la noticia de la muerte de Chiara, llegada al t\u00e9rmino de una larga y fecunda vida sellada incansablemente por su amor por Jes\u00fas Abandonado\u201d. As\u00ed inicia el telegrama firmado por el Papa Benedicto XVI llegado esta ma\u00f1ana.\u00a0 \u201cEn esta hora de doloroso desapego\u201d, el Santo Padre asegura su espiritual cercan\u00eda \u201ccon afecto\u201d, \u201ca los familiares y a toda la Obra de Mar\u00eda-Movimiento de los Focolares que ha tenido origen de ella, como tambi\u00e9n ha cuantos han apreciado su compromiso constante por la comuni\u00f3n en la Iglesia, por el di\u00e1logo ecum\u00e9nico y la fraternidad entre todos los pueblos\u201d.\u00a0 El Papa agradeci\u00f3 al Se\u00f1or \u201cpor el testimonio de su existencia gastada a la escucha de las necesidades del hombre contempor\u00e1neo en plena fidelidad a la Iglesia y al Papa\u201d. Benedicto XVI expres\u00f3 el auspicio que \u201ccu\u00e1ntos la han conocido y encontrado, admirando las maravillas que Dios ha hecho a trav\u00e9s de su ardor misionero, sigan sus huellas manteniendo vivo el Carisma\u201d. El Papa concluy\u00f3 invocando \u201cla materna intercesi\u00f3n de Mar\u00eda\u201d e impartiendo \u201ca todos\u201d su bendici\u00f3n apost\u00f3lica.  El \u00faltimo saludo a Chiara Lubich tendr\u00e1 lugar el martes 18 de marzo a las 3.00 p.m. en la Bas\u00edlica Romana de San Pablo extramuros. La ceremonia ser\u00e1 presidida por el Cardenal Secretario de Estado, Tarcisio Bertone. Ser\u00e1 transmitida en directo v\u00eda internet y v\u00eda sat\u00e9lite.  Durante toda la ma\u00f1ana ha habido un continuo flujo de visitas a su residencia. La capilla ardiente se abrir\u00e1 hoy en la tarde, a partir de las 4.00 <strong><span style=\"text-decoration: underline\">hasta el martes en la ma\u00f1ana<\/span><\/strong>, en el Centro Internacional del Movimiento de los Focolares en Rocca di Papa (v\u00eda Frascati 306).  Ser\u00e1 sepultada en la Capilla del Centro Internacional del Movimiento en Rocca di Papa.  En Trento el alcalde Alberto Pacher ha proclamado luto en la ciudad.<\/p>\n","protected":false},"excerpt":{"rendered":"<p>Ser\u00e1 presidido por el Cardenal Secretario de Estado Tarcisio Bertone. El mensaje del Papa Benedicto XVI<\/p>\n","protected":false},"author":34,"featured_media":0,"comment_status":"open","ping_status":"open","sticky":false,"template":"","format":"standard","meta":{"give_campaign_id":0,"_seopress_robots_primary_cat":"","_seopress_titles_title":"","_seopress_titles_desc":"","_seopress_robots_index":"","_et_pb_use_builder":"","_et_pb_old_content":"","_et_gb_content_width":"","footnotes":""},"categories":[46],"tags":[],"class_list":["post-294426","post","type-post","status-publish","format-standard","hentry","category-sin-categorizar"],"_links":{"self":[{"href":"https:\/\/www.focolare.org\/es\/wp-json\/wp\/v2\/posts\/294426","targetHints":{"allow":["GET"]}}],"collection":[{"href":"https:\/\/www.focolare.org\/es\/wp-json\/wp\/v2\/posts"}],"about":[{"href":"https:\/\/www.focolare.org\/es\/wp-json\/wp\/v2\/types\/post"}],"author":[{"embeddable":true,"href":"https:\/\/www.focolare.org\/es\/wp-json\/wp\/v2\/users\/34"}],"replies":[{"embeddable":true,"href":"https:\/\/www.focolare.org\/es\/wp-json\/wp\/v2\/comments?post=294426"}],"version-history":[{"count":0,"href":"https:\/\/www.focolare.org\/es\/wp-json\/wp\/v2\/posts\/294426\/revisions"}],"wp:attachment":[{"href":"https:\/\/www.focolare.org\/es\/wp-json\/wp\/v2\/media?parent=294426"}],"wp:term":[{"taxonomy":"category","embeddable":true,"href":"https:\/\/www.focolare.org\/es\/wp-json\/wp\/v2\/categories?post=294426"},{"taxonomy":"post_tag","embeddable":true,"href":"https:\/\/www.focolare.org\/es\/wp-json\/wp\/v2\/tags?post=294426"}],"curies":[{"name":"wp","href":"https:\/\/api.w.org\/{rel}","templated":true}]}}