{"id":294442,"date":"2008-04-10T22:00:00","date_gmt":"2008-04-10T20:00:00","guid":{"rendered":"https:\/\/www.focolare.org\/vivir-la-palabra-cambia-la-relacion-con-dios-y-con-los-hermanos\/"},"modified":"2024-05-13T20:49:56","modified_gmt":"2024-05-13T18:49:56","slug":"vivir-la-palabra-cambia-la-relacion-con-dios-y-con-los-hermanos","status":"publish","type":"post","link":"https:\/\/www.focolare.org\/es\/vivir-la-palabra-cambia-la-relacion-con-dios-y-con-los-hermanos\/","title":{"rendered":"Vivir la Palabra cambia la relaci\u00f3n con Dios y con los hermanos"},"content":{"rendered":"<p><em><strong>He aqu\u00ed el \u00faltimo pensamiento preparado por Chiara  Lubich<\/strong> para el Movimiento, desde su cama en el \u201chospital Gemelli\u201d, poco  antes de su \u201cpartida\u201d y que ha sido difundido en estos d\u00edas:<\/em>  \u201cQuisiera esta vez subrayar el valor de la relaci\u00f3n, de las relaciones  entre nosotros. Viviendo la Palabra, en los inicios, en Trento, Cambi\u00f3,  ya sea nuestra relaci\u00f3n con Dios que nuestra relaci\u00f3n con los hermanos. As\u00ed  naci\u00f3 aquella que entonces llam\u00e1bamos \u201ccomunidad cristiana\u201d. No nos olvidemos  de estos or\u00edgenes. Construyamos nuestra obra sobre estas bases\u201d.  <em><strong>Reportamos a continuaci\u00f3n algunas l\u00edneas<\/strong> extra\u00eddas del  primer comentario sobre la Palabra de Vida, de hace m\u00e1s de 50 a\u00f1os, todav\u00eda de  gran actualidad. Bien se podr\u00edan referir al pensamiento reci\u00e9n citado, para  penetrarlo en profundidad y traducirlo en vida.<\/em>  \u201cLas palabras del Evangelio quiz\u00e1s parezcan simples, Pero \u00a1qu\u00e9  transformaci\u00f3n requieren! \u00a1Qu\u00e9 lejos est\u00e1n de nuestro habitual modo de pensar  y de actuar! Pero \u00a1\u00e1nimo! Probemos.  Una jornada as\u00ed aprovechada vale una vida. Y en la noche no nos  reconoceremos m\u00e1s a nosotros mismos. Una alegr\u00eda jam\u00e1s probada nos inundar\u00e1.  Una fuerza nos investir\u00e1. Dios estar\u00e1 con nosotros, porque \u00c9l est\u00e1 con  quienes lo aman. Los d\u00edas transcurrir\u00e1n en plenitud. Alguna vez quiz\u00e1s  aflojaremos, sentiremos la tentaci\u00f3n de desilusionarnos, de detenernos. Y  querremos volver a la vida de antes.  \u00a1Pero no! \u00a1\u00c1nimo! Dios nos da la gracia. Recomencemos siempre.  Perseverando, veremos lentamente cambiar el mundo a nuestro  alrededor. Comprenderemos que el Evangelio lleva a la vida m\u00e1s  fascinante, enciende la luz en el mundo, da sabor a nuestra existencia, contiene el principio de la resoluci\u00f3n de todos los problemas.  Y no nos quedemos tranquilos, hasta que no comuniquemos nuestra  extraordinaria experiencia a otros: a los amigos que nos puedan comprender, a  los familiares, a cualquiera que nos sintamos impulsados a  darla. Renacer\u00e1 la esperanza\u201d.<\/p>\n","protected":false},"excerpt":{"rendered":"<p>El \u00faltimo pensamiento espiritual de Chiara LubichVivir<\/p>\n","protected":false},"author":34,"featured_media":0,"comment_status":"open","ping_status":"open","sticky":false,"template":"","format":"standard","meta":{"give_campaign_id":0,"_seopress_robots_primary_cat":"","_seopress_titles_title":"","_seopress_titles_desc":"","_seopress_robots_index":"","_et_pb_use_builder":"","_et_pb_old_content":"","_et_gb_content_width":"","footnotes":""},"categories":[46],"tags":[],"class_list":["post-294442","post","type-post","status-publish","format-standard","hentry","category-sin-categorizar"],"_links":{"self":[{"href":"https:\/\/www.focolare.org\/es\/wp-json\/wp\/v2\/posts\/294442","targetHints":{"allow":["GET"]}}],"collection":[{"href":"https:\/\/www.focolare.org\/es\/wp-json\/wp\/v2\/posts"}],"about":[{"href":"https:\/\/www.focolare.org\/es\/wp-json\/wp\/v2\/types\/post"}],"author":[{"embeddable":true,"href":"https:\/\/www.focolare.org\/es\/wp-json\/wp\/v2\/users\/34"}],"replies":[{"embeddable":true,"href":"https:\/\/www.focolare.org\/es\/wp-json\/wp\/v2\/comments?post=294442"}],"version-history":[{"count":0,"href":"https:\/\/www.focolare.org\/es\/wp-json\/wp\/v2\/posts\/294442\/revisions"}],"wp:attachment":[{"href":"https:\/\/www.focolare.org\/es\/wp-json\/wp\/v2\/media?parent=294442"}],"wp:term":[{"taxonomy":"category","embeddable":true,"href":"https:\/\/www.focolare.org\/es\/wp-json\/wp\/v2\/categories?post=294442"},{"taxonomy":"post_tag","embeddable":true,"href":"https:\/\/www.focolare.org\/es\/wp-json\/wp\/v2\/tags?post=294442"}],"curies":[{"name":"wp","href":"https:\/\/api.w.org\/{rel}","templated":true}]}}