{"id":294454,"date":"2008-06-27T22:00:00","date_gmt":"2008-06-27T20:00:00","guid":{"rendered":"https:\/\/www.focolare.org\/en-el-amor-de-esa-nueva-familia-descubri-el-verdadero-rostro-de-dios\/"},"modified":"2024-05-13T20:49:58","modified_gmt":"2024-05-13T18:49:58","slug":"en-el-amor-de-esa-nueva-familia-descubri-el-verdadero-rostro-de-dios","status":"publish","type":"post","link":"https:\/\/www.focolare.org\/es\/en-el-amor-de-esa-nueva-familia-descubri-el-verdadero-rostro-de-dios\/","title":{"rendered":"\u201cEn el amor de esa nueva familia descubr\u00ed el verdadero rostro de Dios\u201d"},"content":{"rendered":"<p><strong>Ten\u00eda 6 a\u00f1os cuando mi mam\u00e1 se fue de la casa.<\/strong> Somos 4  hermanos y con mi padre la vida se hizo cada vez m\u00e1s dif\u00edcil: todos los d\u00edas  regresaba a la casa borracho y a menudo nos pegaba, sin motivo.\u00a0 Era una vida  insoportable.\u00a0 Un d\u00eda mi hermano m\u00e1s grande decidi\u00f3 ir a la polic\u00eda para  denunciarlo. Pap\u00e1 fue a la c\u00e1rcel y a nosotros nos dejaron en un orfanato.  <strong>En ese ambiente no encontraba paz:<\/strong> dificultades por doquier.  Una noche nos escapamos a escondidas y por alg\u00fan tiempo encontramos refugio con  algunos parientes. Hasta que el asistente social me conf\u00edo a una nueva familia,  junto con otros dos de mis hermanos, una vez m\u00e1s estaba asustado\u2026 En cambio en  el amor de esta nueva familia, descubr\u00ed el verdadero rostro de Dios: Dios Amor.  No lo hab\u00eda experimentado nunca.  <strong>Ahora me doy cuenta de que estos nuevos padres nos han amado<\/strong> \u201cdando la vida\u201d por nosotros, desde el primer d\u00eda y siempre. Junto a ellos  descubr\u00ed que el amor sanaba poco a poco todas las heridas de mi pasado. Pero  \u00bfhacia d\u00f3nde dirigir mis pasos? \u00bfQu\u00e9 significaba para m\u00ed amar? Un d\u00eda recib\u00ed una  invitaci\u00f3n y particip\u00e9 en un gran encuentro en Roma. Una experiencia  extraordinaria, intu\u00ed que mi sed de un gran ideal, de un ideal aut\u00e9ntico por el  cual vivir, encontraba una respuesta.  <strong>Despu\u00e9s de alg\u00fan tiempo me esperaba el servicio militar,<\/strong> que  en Grecia es obligatorio. Estaba preocupado, nuevamente me encontrar\u00eda en un  ambiente pobre de esos valores que estaba descubriendo.\u00a0 Preparando la maleta,  tom\u00e9 conmigo un libro de Chiara Lubich que alguien me hab\u00eda dado y, en las  largas noches de guardia, cuando era posible, lo sacaba del bolsillo y lo le\u00eda.  La luz del Evangelio que Chiara me explicaba era tan fuerte que me sostuvo  tambi\u00e9n en esos meses. Tambi\u00e9n yo quiero amar de este modo, sin l\u00edmites, quiero  aprender mejor el arte de amar y despu\u00e9s llevarlo a mi pa\u00eds, a Grecia. Realmente  puedo decir que \u201ctodo lo vence el amor\u201d.  <em>(L. K. \u2013 Grecia)<\/em><\/p>\n","protected":false},"excerpt":{"rendered":"<p>En camino hacia la JMJ 2008, proponemos la historia de un joven de Grecia, que ha hecho la experiencia de la fuerza del Esp\u00edritu Santo y ha encontrado en el Evangelio el ideal de su vida.<\/p>\n","protected":false},"author":34,"featured_media":0,"comment_status":"open","ping_status":"open","sticky":false,"template":"","format":"standard","meta":{"give_campaign_id":0,"_seopress_robots_primary_cat":"","_seopress_titles_title":"","_seopress_titles_desc":"","_seopress_robots_index":"","_et_pb_use_builder":"","_et_pb_old_content":"","_et_gb_content_width":"","footnotes":""},"categories":[904],"tags":[],"class_list":["post-294454","post","type-post","status-publish","format-standard","hentry","category-focolare-worldwide-2-2"],"_links":{"self":[{"href":"https:\/\/www.focolare.org\/es\/wp-json\/wp\/v2\/posts\/294454","targetHints":{"allow":["GET"]}}],"collection":[{"href":"https:\/\/www.focolare.org\/es\/wp-json\/wp\/v2\/posts"}],"about":[{"href":"https:\/\/www.focolare.org\/es\/wp-json\/wp\/v2\/types\/post"}],"author":[{"embeddable":true,"href":"https:\/\/www.focolare.org\/es\/wp-json\/wp\/v2\/users\/34"}],"replies":[{"embeddable":true,"href":"https:\/\/www.focolare.org\/es\/wp-json\/wp\/v2\/comments?post=294454"}],"version-history":[{"count":0,"href":"https:\/\/www.focolare.org\/es\/wp-json\/wp\/v2\/posts\/294454\/revisions"}],"wp:attachment":[{"href":"https:\/\/www.focolare.org\/es\/wp-json\/wp\/v2\/media?parent=294454"}],"wp:term":[{"taxonomy":"category","embeddable":true,"href":"https:\/\/www.focolare.org\/es\/wp-json\/wp\/v2\/categories?post=294454"},{"taxonomy":"post_tag","embeddable":true,"href":"https:\/\/www.focolare.org\/es\/wp-json\/wp\/v2\/tags?post=294454"}],"curies":[{"name":"wp","href":"https:\/\/api.w.org\/{rel}","templated":true}]}}