{"id":294542,"date":"2009-10-13T22:00:00","date_gmt":"2009-10-13T20:00:00","guid":{"rendered":"https:\/\/www.focolare.org\/me-vendi-al-mundo-hasta-tocar-el-fondo-encontre-las-fuerzas-para-recomenzar\/"},"modified":"2024-05-13T20:50:15","modified_gmt":"2024-05-13T18:50:15","slug":"me-vendi-al-mundo-hasta-tocar-el-fondo-encontre-las-fuerzas-para-recomenzar","status":"publish","type":"post","link":"https:\/\/www.focolare.org\/es\/me-vendi-al-mundo-hasta-tocar-el-fondo-encontre-las-fuerzas-para-recomenzar\/","title":{"rendered":"Me vend\u00ed al mundo hasta tocar el fondo. Encontr\u00e9 las fuerzas para recomenzar"},"content":{"rendered":"<p><strong>Nac\u00ed y crec\u00ed en una familia que se siempre se esforz\u00f3 en transmitirme  valores<\/strong> cristianos, basados en el respeto y atenci\u00f3n hacia los dem\u00e1s,  sin distinciones. Valores que considero universales.  <strong>Desde chico mantuve el prop\u00f3sito de vivir de este modo<\/strong>, ya  sea con mi equipo de f\u00fatbol, o en el colegio o con mis amigos. Siempre me  esforc\u00e9 en ir contra la corriente, o sea, tratar de no dejarme arrastrar por  todo lo que el mundo me propon\u00eda. De hecho, en Europa, de donde provengo, la  sociedad se basa sobre todo en el materialismo y es mucho m\u00e1s importante tener y  aparentar que \u201cser\u201d.  <strong>Pero llegu\u00e9 a un momento de mi vida en el que la felicidad de un  momento y los placeres pasajeros<\/strong> me hicieron perder el rumbo. En  s\u00edntesis, me vend\u00ed al mundo. Quer\u00eda conocer todo lo que hasta ese momento yo  hab\u00eda considerado el camino m\u00e1s simple y, al mismo tiempo, m\u00e1s vac\u00edo. As\u00ed  comenz\u00f3 un nueva fase de mi vida, donde el respeto hacia las personas y tambi\u00e9n  hacia Dios ya no tenia valor.  <strong>Experiment\u00e9 cosas que me satisfac\u00edan por un tiempo<\/strong>, pero  luego me invad\u00eda un gran vac\u00edo interior, una gran soledad.  <strong>De este modo llegu\u00e9 hasta el fondo del pozo<\/strong>. M\u00e1s de una vez  decid\u00ed recomenzar y volver a mis or\u00edgenes, reencontrarme con los valores en los  cuales siempre hab\u00eda cre\u00eddo\u00a0 y que estaban enterrados bajo muchas cosas  vanas.  <strong>Ahora, en esta<\/strong> <a href=\"http:\/\/www.mariapolis.org.ar\/\" target=\"_blank\" rel=\"noopener\">ciudadela<\/a> donde convivo con j\u00f3venes de todo el mundo, estoy  haciendo una experiencia muy linda. Estoy descubriendo cosas que no conoc\u00eda,  gracias a las personas que me rodean. Descubro en el hermano un camino para  crecer, un espejo donde reflejarme. Estoy buscando y encontrando el amor puro,  sin otros intereses, un amor que nace del alma, sin prejuicios.  <strong>Este amor, que tiene ra\u00edces en el Evangelio vivido<\/strong>, me lleva  a desapegarme de las cosas pasajeras, y es un camino hacia la verdadera  libertad. Un camino que me conduce hacia Dios, junto a los dem\u00e1s.  <em>(J. \u2013 Italia)<\/em><\/p>\n","protected":false},"excerpt":{"rendered":"<p>En una manifestaci\u00f3n de centenares de j\u00f3venes en Argentina, un muchacho italiano cuenta sobre su compromiso de \u201cperseverar\u201d<\/p>\n","protected":false},"author":34,"featured_media":0,"comment_status":"open","ping_status":"open","sticky":false,"template":"","format":"standard","meta":{"give_campaign_id":0,"_seopress_robots_primary_cat":"","_seopress_titles_title":"","_seopress_titles_desc":"","_seopress_robots_index":"","_et_pb_use_builder":"","_et_pb_old_content":"","_et_gb_content_width":"","footnotes":""},"categories":[904],"tags":[],"class_list":["post-294542","post","type-post","status-publish","format-standard","hentry","category-focolare-worldwide-2-2"],"_links":{"self":[{"href":"https:\/\/www.focolare.org\/es\/wp-json\/wp\/v2\/posts\/294542","targetHints":{"allow":["GET"]}}],"collection":[{"href":"https:\/\/www.focolare.org\/es\/wp-json\/wp\/v2\/posts"}],"about":[{"href":"https:\/\/www.focolare.org\/es\/wp-json\/wp\/v2\/types\/post"}],"author":[{"embeddable":true,"href":"https:\/\/www.focolare.org\/es\/wp-json\/wp\/v2\/users\/34"}],"replies":[{"embeddable":true,"href":"https:\/\/www.focolare.org\/es\/wp-json\/wp\/v2\/comments?post=294542"}],"version-history":[{"count":0,"href":"https:\/\/www.focolare.org\/es\/wp-json\/wp\/v2\/posts\/294542\/revisions"}],"wp:attachment":[{"href":"https:\/\/www.focolare.org\/es\/wp-json\/wp\/v2\/media?parent=294542"}],"wp:term":[{"taxonomy":"category","embeddable":true,"href":"https:\/\/www.focolare.org\/es\/wp-json\/wp\/v2\/categories?post=294542"},{"taxonomy":"post_tag","embeddable":true,"href":"https:\/\/www.focolare.org\/es\/wp-json\/wp\/v2\/tags?post=294542"}],"curies":[{"name":"wp","href":"https:\/\/api.w.org\/{rel}","templated":true}]}}