{"id":294602,"date":"2010-03-30T21:00:00","date_gmt":"2010-03-30T19:00:00","guid":{"rendered":"https:\/\/www.focolare.org\/uomini-di-dio-fratelli-tra-i-fratelli-profeti-di-un-mondo-nuovo\/"},"modified":"2024-05-13T20:50:33","modified_gmt":"2024-05-13T18:50:33","slug":"uomini-di-dio-fratelli-tra-i-fratelli-profeti-di-un-mondo-nuovo","status":"publish","type":"post","link":"https:\/\/www.focolare.org\/es\/uomini-di-dio-fratelli-tra-i-fratelli-profeti-di-un-mondo-nuovo\/","title":{"rendered":"\u201cUomini di Dio, fratelli tra i fratelli, profeti di un mondo nuovo\u201d"},"content":{"rendered":"<p><p style=\"text-align: justify\"><strong><span style=\"font-family: Verdana\">\u201cSacerdotes hoy\u201d es el t\u00edtulo de una tarde<\/span><\/strong><span style=\"font-family: Verdana\"> que pretende ofrecer una respuesta, sobre todo mediante el lenguaje del testimonio y del arte, a los graves retos que se presentan ante los sacerdotes de hoy por parte de la Iglesia y de la sociedad. El evento tendr\u00e1 lugar <strong>el 9 de junio pr\u00f3ximo en el Vaticano, en el Aula Pablo VI, <\/strong>en el \u00e1mbito de las manifestaciones de conclusi\u00f3n del A\u00f1o Sacerdotal. Se espera la participaci\u00f3n de sacerdotes provenientes de 70 naciones de los cinco continentes.<\/p>\n<p><strong><img loading=\"lazy\" decoding=\"async\" src=\"https:\/\/www.focolare.org\/wp-content\/uploads\/layout\/edit\/foto\/070402-02.jpg\" alt=\"\" hspace=\"5\" vspace=\"5\" width=\"200\" height=\"200\" align=\"right\" \/><\/p>\n<p>Los promotores de la iniciativa son los sacerdotes del Movimiento de los Focolares y del Movimiento de Schoenstatt,<\/strong> en colaboraci\u00f3n con la Renovaci\u00f3n Cat\u00f3lica Internacional  (ICCRS) y otras asociaciones eclesiales.<\/span><\/p>\n<p><strong>El programa delinear\u00e1 en tres momentos la identidad del sacerdote de hoy:<\/strong> Hombres de Dios-hermanos entre hermanos-profetas de un mundo nuevo. Cada \u201cetapa\u201d ser\u00e1 introducida por un pensamiento de Benedicto XVI (en v\u00eddeo). En la parte conclusiva se propondr\u00e1n algunos pensamientos de Chiara Lubich, fundadora de los Focolares, y del Padre Josef Kentenich, fundador de Schoenstatt.<\/p>\n<p><strong>Muchos los testimonios: <\/strong>de un sacerdote de Irlanda sobre la fidelidad al llamado de Dios; desde Burundi, los sobrevivientes a un asalto al seminario menor de Buta; de Alemania, un sacerdote que super\u00f3 el problema del alcohol con la ayuda de la comunidad. Otros aportes hablar\u00e1n de la experiencia de la enfermedad; de la vida afectiva y del celibato vivido en un contexto de fraternidad; de la pastoral en el ambiente multicultural y multirreligioso de hoy en d\u00eda. Y todav\u00eda, desde Brasil, una vasta acci\u00f3n de evangelizaci\u00f3n junto a los laicos en el sur del pa\u00eds.<\/p>\n<p><strong><\/p>\n<p>El Card. Claudio Hummes, Prefecto de la Congregaci\u00f3n para el Clero, presidir\u00e1 las V\u00edsperas<\/strong> con las que se concluir\u00e1 la velada.  <strong>El Card. Francisco Javier Err\u00e1zuriz, Arzobispo de Santiago de Chile, <\/strong>ex presidente del CELAM, intervendr\u00e1 con un testimonio teol\u00f3gico.<\/p>\n<p>La parte art\u00edstica estar\u00e1 a cargo del International <strong>Multiartistic Performing Group Gen Verde<\/strong>, junto con sacerdotes de varias partes del mundo. Las coreograf\u00edas ser\u00e1n ejecutadas por seminaristas del Centro internacional de espiritualidad de comuni\u00f3n \u201cVinea mea\u201d de Loppiano (Florencia).<\/p>\n<p><strong>El programa podr\u00e1 ser seguido en muchos pa\u00edses del mundo gracias a los sat\u00e9lites<\/strong> del Centro Televisivo Vaticano, de Telepace y de otras redes, y ser\u00e1 transmitido por Internet.<\/p>\n<p><strong><\/p>\n<p>Est\u00e1n previstas m\u00faltiples iniciativas<\/strong> en preparaci\u00f3n a esta importante manifestaci\u00f3n.<\/p>\n<p><strong>Para ulteriores informaciones:<\/strong> <a href=\"http:\/\/www.sacerdotioggi.org\/home.php?lang=es\">www.sacerdotioggi.org<\/a> \u2013 sacerdotioggi@gmail.com<\/p>\n<p><strong>Oficina de prensa:<\/strong> Silvestre Marques,  tel. +39-340-0538 300<\/p>\n<p>Jos\u00e9 Luis Correa, tel. +39-389-1230 117<\/p>\n<p>Carla Cotignoli, tel. +39-348-8563 347<\/p>\n","protected":false},"excerpt":{"rendered":"<p>Como clausura del A\u00f1o Sacerdotal est\u00e1 previsto para junio, en el Vaticano, un gran evento organizado por el Movimiento de los Focolares y Schoenstatt en colaboraci\u00f3n con la Renovaci\u00f3n Cat\u00f3lica Internacional y otras asociaciones eclesiales.<\/p>\n","protected":false},"author":34,"featured_media":0,"comment_status":"open","ping_status":"open","sticky":false,"template":"","format":"standard","meta":{"give_campaign_id":0,"_seopress_robots_primary_cat":"","_seopress_titles_title":"","_seopress_titles_desc":"","_seopress_robots_index":"","_et_pb_use_builder":"","_et_pb_old_content":"","_et_gb_content_width":"","footnotes":""},"categories":[46],"tags":[],"class_list":["post-294602","post","type-post","status-publish","format-standard","hentry","category-sin-categorizar"],"_links":{"self":[{"href":"https:\/\/www.focolare.org\/es\/wp-json\/wp\/v2\/posts\/294602","targetHints":{"allow":["GET"]}}],"collection":[{"href":"https:\/\/www.focolare.org\/es\/wp-json\/wp\/v2\/posts"}],"about":[{"href":"https:\/\/www.focolare.org\/es\/wp-json\/wp\/v2\/types\/post"}],"author":[{"embeddable":true,"href":"https:\/\/www.focolare.org\/es\/wp-json\/wp\/v2\/users\/34"}],"replies":[{"embeddable":true,"href":"https:\/\/www.focolare.org\/es\/wp-json\/wp\/v2\/comments?post=294602"}],"version-history":[{"count":0,"href":"https:\/\/www.focolare.org\/es\/wp-json\/wp\/v2\/posts\/294602\/revisions"}],"wp:attachment":[{"href":"https:\/\/www.focolare.org\/es\/wp-json\/wp\/v2\/media?parent=294602"}],"wp:term":[{"taxonomy":"category","embeddable":true,"href":"https:\/\/www.focolare.org\/es\/wp-json\/wp\/v2\/categories?post=294602"},{"taxonomy":"post_tag","embeddable":true,"href":"https:\/\/www.focolare.org\/es\/wp-json\/wp\/v2\/tags?post=294602"}],"curies":[{"name":"wp","href":"https:\/\/api.w.org\/{rel}","templated":true}]}}