{"id":294616,"date":"2010-04-14T22:00:00","date_gmt":"2010-04-14T20:00:00","guid":{"rendered":"https:\/\/www.focolare.org\/reconocimiento-y-curiosidad-en-la-embajada\/"},"modified":"2024-05-13T20:50:35","modified_gmt":"2024-05-13T18:50:35","slug":"reconocimiento-y-curiosidad-en-la-embajada","status":"publish","type":"post","link":"https:\/\/www.focolare.org\/es\/reconocimiento-y-curiosidad-en-la-embajada\/","title":{"rendered":"Reconocimiento y curiosidad en la embajada"},"content":{"rendered":"<p><p style=\"text-align: justify\"><strong><span style=\"font-family: Verdana\"><img loading=\"lazy\" decoding=\"async\" src=\"https:\/\/www.focolare.org\/wp-content\/uploads\/layout\/edit\/foto\/foto2010\/100415-02.jpg\" alt=\"\" hspace=\"5\" vspace=\"5\" width=\"200\" height=\"200\" align=\"right\" \/>El Palacio Borromeo, una exquisita joya arquitect\u00f3nica romana, poco atractiva externamente, deliciosamente antigua en su interior. <\/span><\/strong><span style=\"font-family: Verdana\">Es la sede de la Embajada de Italia en la Santa Sede.\u00a0 Es all\u00ed donde el embajador Zanardi Landi invit\u00f3 a prelados y colegas, adem\u00e1s de una representaci\u00f3n del m\u00e1s alto nivel del Movimiento de los Focolares, para conmemorar el segundo aniversario del fallecimiento de su fundadora y ofrecer a los numerosos embajadores y funcionarios de las embajadas presentes, una clave de lectura para conocer esta realidad eclesial y social; entre los cuales los representantes de Austria, Bosnia-Herzegovina, Burundi, Egipto, Francia, Alemania, Macedonia, Serbia, Uruguay, y un representante de la Embajada de Estados Unidos. En total: m\u00e1s de cien personas. <\/span><\/p>\n<p><strong>Zanardi Landi narr\u00f3 a los presentes sobre su encuentro con el focolar, ocurrido en Belgrado <\/strong>&#8211; \u00abno ten\u00eda excusa, pero no conoc\u00eda en lo m\u00e1s m\u00ednimo a los Focolares, la mayor realidad eclesial en el mundo\u00bb -, contacto que continu\u00f3 en su nativo Friuli donde, conociendo a algunos empresarios de la Econom\u00eda de Comuni\u00f3n, encontr\u00f3 \u00abapertura y fantas\u00eda en inventar nuevos medios de comunicaci\u00f3n y de comuni\u00f3n\u00bb.<\/p>\n<p><strong><img loading=\"lazy\" decoding=\"async\" src=\"https:\/\/www.focolare.org\/wp-content\/uploads\/layout\/edit\/foto\/foto2010\/100415-01.jpg\" alt=\"\" hspace=\"5\" vspace=\"5\" width=\"200\" height=\"200\" align=\"left\" \/>El Card. Stanislaw Rylko, presidente del Consejo Pontificio para los Laicos,<\/strong> presente en el evento junto con su hom\u00f3logo del <strong>Consejo Pontificio para la Familia<\/strong>, Card. Ennio Antonelli, quiso recordar \u00abel gran itinerario de Chiara Lubich, capaz de hacer vivir el Evangelio en toda su belleza\u2026 con el anhelo de dar respuestas a las interrogantes de la humanidad\u00bb. Record\u00f3 \u00abel genio femenino que en Chiara Lubich se expres\u00f3 con una fuerza y un encanto potente\u00bb. Concluy\u00f3 con una definici\u00f3n de la fundadora: \u00abEjemplo luminoso de lo que significa ser caridad vivida\u00bb.<\/p>\n<p><strong>Piero Coda, rector del <a href=\"http:\/\/www.iu-sophia.org\/\">Instituto Universitario Sophia<\/a> de <a href=\"http:\/\/www.loppiano.it\/newsite\/MontaFrameHOME.php?IDCat=1&amp;IDSubCat=42&amp;IDLng=IT&amp;FCentro=MenuCentroHOME.php\">Loppiano<\/a>,<\/strong> condujo a los presentes al descubrimiento del di\u00e1logo, \u00abcosa antigua y nueva\u00bb que en Chiara Lubich se convirti\u00f3 en \u00abconocimiento hist\u00f3rico y disciplina de vida\u00bb, probando cu\u00e1nto hoy esto es \u00abineludible\u00bb para una presencia cristiana en el mundo, \u00abno un ejercicio t\u00e1ctico sino una pr\u00e1ctica de verdadera humanidad\u00bb. En este contexto, se presentaron por lo tanto, dos aspectos que caracterizan el Movimiento: el di\u00e1logo interreligioso y la Econom\u00eda de Comuni\u00f3n.<strong><\/p>\n<p>La ceremonia se concluy\u00f3 con la intervenci\u00f3n de la Presidente del Movimiento, Mar\u00eda Voce, <\/strong>que record\u00f3 c\u00f3mo \u00abel mensaje de unidad de la familia humana, en el que Chiara siempre ha cre\u00eddo firmemente, trabajando incansablemente en vista de un mundo unido y solidario, resulta cada vez m\u00e1s fuerte y actual\u00bb. Un mensaje empapado del amor que Jes\u00fas ense\u00f1\u00f3, perseguido a trav\u00e9s de aquel \u201carte de amar\u201d que Chiara Lubich \u201cinvent\u00f3\u201d.<\/p>\n<p><strong><\/p>\n<p>Y concluy\u00f3 as\u00ed: \u00abSi el Arzobispo de Melbourne, Mons. Denis Hart, <\/strong>reconociendo todo lo que el Movimiento realiza en su di\u00f3cesis e impresionado por su dimensi\u00f3n planetaria, nos dijo: \u201cUstedes son los embajadores del amor de Cristo en el mundo\u201d, nos gusta sentirnos cerca de ustedes en la irradiaci\u00f3n de este mensaje de fraternidad hasta abrazar a toda la familia humana\u00bb.<\/p>\n<p><em><span style=\"font-family: Verdana\">de Michele Zanzucchi <\/span><\/em><\/p><\/p>\n","protected":false},"excerpt":{"rendered":"<p>Por invitaci\u00f3n de Antonio Zanardi Landi \u2013 embajador italiano ante la Santa Sede \u2013 se conmemora a Chiara Lubich y se da inter\u00e9s al \u00abcalor y la apertura\u00bb de los Focolares.<\/p>\n","protected":false},"author":34,"featured_media":0,"comment_status":"open","ping_status":"open","sticky":false,"template":"","format":"standard","meta":{"give_campaign_id":0,"_seopress_robots_primary_cat":"","_seopress_titles_title":"","_seopress_titles_desc":"","_seopress_robots_index":"","_et_pb_use_builder":"","_et_pb_old_content":"","_et_gb_content_width":"","footnotes":""},"categories":[904],"tags":[],"class_list":["post-294616","post","type-post","status-publish","format-standard","hentry","category-focolare-worldwide-2-2"],"_links":{"self":[{"href":"https:\/\/www.focolare.org\/es\/wp-json\/wp\/v2\/posts\/294616","targetHints":{"allow":["GET"]}}],"collection":[{"href":"https:\/\/www.focolare.org\/es\/wp-json\/wp\/v2\/posts"}],"about":[{"href":"https:\/\/www.focolare.org\/es\/wp-json\/wp\/v2\/types\/post"}],"author":[{"embeddable":true,"href":"https:\/\/www.focolare.org\/es\/wp-json\/wp\/v2\/users\/34"}],"replies":[{"embeddable":true,"href":"https:\/\/www.focolare.org\/es\/wp-json\/wp\/v2\/comments?post=294616"}],"version-history":[{"count":0,"href":"https:\/\/www.focolare.org\/es\/wp-json\/wp\/v2\/posts\/294616\/revisions"}],"wp:attachment":[{"href":"https:\/\/www.focolare.org\/es\/wp-json\/wp\/v2\/media?parent=294616"}],"wp:term":[{"taxonomy":"category","embeddable":true,"href":"https:\/\/www.focolare.org\/es\/wp-json\/wp\/v2\/categories?post=294616"},{"taxonomy":"post_tag","embeddable":true,"href":"https:\/\/www.focolare.org\/es\/wp-json\/wp\/v2\/tags?post=294616"}],"curies":[{"name":"wp","href":"https:\/\/api.w.org\/{rel}","templated":true}]}}