{"id":294646,"date":"2010-05-25T22:00:00","date_gmt":"2010-05-25T20:00:00","guid":{"rendered":"https:\/\/www.focolare.org\/itcristiani-in-politicafrdes-chretiens-engages-en-politiqueptcristaos-na-politica\/"},"modified":"2024-05-13T20:50:50","modified_gmt":"2024-05-13T18:50:50","slug":"itcristiani-in-politicafrdes-chretiens-engages-en-politiqueptcristaos-na-politica","status":"publish","type":"post","link":"https:\/\/www.focolare.org\/es\/itcristiani-in-politicafrdes-chretiens-engages-en-politiqueptcristaos-na-politica\/","title":{"rendered":"[:it]Cristiani in politica[:fr]Des chr\u00e9tiens engag\u00e9s en politique[:pt]Crist\u00e3os na pol\u00edtica"},"content":{"rendered":"<\/p>\n","protected":false},"excerpt":{"rendered":"<p>Intervento di Maria Voce, presidente del Movimento dei Focolari, alla XXIV Assemblea plenaria del Pontificio Consiglio per i Laici che ha dedicato le discussioni al tema \u201cTestimoni di Cristo nella comunit\u00e0 politica\u201d<\/p>\n","protected":false},"author":34,"featured_media":0,"comment_status":"open","ping_status":"open","sticky":false,"template":"","format":"standard","meta":{"give_campaign_id":0,"_seopress_robots_primary_cat":"","_seopress_titles_title":"","_seopress_titles_desc":"","_seopress_robots_index":"","_et_pb_use_builder":"","_et_pb_old_content":"","_et_gb_content_width":"","footnotes":""},"categories":[904],"tags":[],"class_list":["post-294646","post","type-post","status-publish","format-standard","hentry","category-focolare-worldwide-2-2"],"_links":{"self":[{"href":"https:\/\/www.focolare.org\/es\/wp-json\/wp\/v2\/posts\/294646","targetHints":{"allow":["GET"]}}],"collection":[{"href":"https:\/\/www.focolare.org\/es\/wp-json\/wp\/v2\/posts"}],"about":[{"href":"https:\/\/www.focolare.org\/es\/wp-json\/wp\/v2\/types\/post"}],"author":[{"embeddable":true,"href":"https:\/\/www.focolare.org\/es\/wp-json\/wp\/v2\/users\/34"}],"replies":[{"embeddable":true,"href":"https:\/\/www.focolare.org\/es\/wp-json\/wp\/v2\/comments?post=294646"}],"version-history":[{"count":0,"href":"https:\/\/www.focolare.org\/es\/wp-json\/wp\/v2\/posts\/294646\/revisions"}],"wp:attachment":[{"href":"https:\/\/www.focolare.org\/es\/wp-json\/wp\/v2\/media?parent=294646"}],"wp:term":[{"taxonomy":"category","embeddable":true,"href":"https:\/\/www.focolare.org\/es\/wp-json\/wp\/v2\/categories?post=294646"},{"taxonomy":"post_tag","embeddable":true,"href":"https:\/\/www.focolare.org\/es\/wp-json\/wp\/v2\/tags?post=294646"}],"curies":[{"name":"wp","href":"https:\/\/api.w.org\/{rel}","templated":true}]}}