{"id":294802,"date":"2011-01-19T17:18:46","date_gmt":"2011-01-19T16:18:46","guid":{"rendered":"https:\/\/www.focolare.org\/cataluna-primera-etapa-iberica-de-la-presidente-de-los-focolares\/"},"modified":"2024-05-13T20:51:18","modified_gmt":"2024-05-13T18:51:18","slug":"cataluna-primera-etapa-iberica-de-la-presidente-de-los-focolares","status":"publish","type":"post","link":"https:\/\/www.focolare.org\/es\/cataluna-primera-etapa-iberica-de-la-presidente-de-los-focolares\/","title":{"rendered":"Catalu\u00f1a, primera etapa ib\u00e9rica de la presidente de los Focolares"},"content":{"rendered":"<\/p>\n<p><strong>En peregrinaci\u00f3n a Montserrat <\/strong><\/p>\n<p><img alt=\"\" alt=\"\" loading=\"lazy\" decoding=\"async\" class=\"alignright size-top_mini wp-image-22499\" src=\"https:\/\/www.focolare.org\/wp-content\/uploads\/2011\/01\/20110119-04-200x123.jpg\" alt=\"\" width=\"200\" height=\"123\" \/>El 17 de enero, casi como conclusi\u00f3n de la estad\u00eda en tierra Catalana. Mar\u00eda Voce fue al santuario de Montserrat, patrona de Catalu\u00f1a, acompa\u00f1ada por el Abad P. Josep M. Soler. El encuentro se distingui\u00f3 por la estima rec\u00edproca, en continuidad con la fraternidad y comuni\u00f3n que desde hace a\u00f1os caracterizan las relaciones entre los Focolares y los benedictinos. Tambi\u00e9n Chiara Lubich \u2013durante su estad\u00eda en Espa\u00f1a en el 2002- hab\u00eda afirmado, durante la visita al monasterio de Montserrat: \u201cMuchas veces los Movimientos pueden ofrecer el ejemplo de la frescura evang\u00e9lica y carism\u00e1tica, as\u00ed como el impulso generoso y creativo de la evangelizaci\u00f3n. \u00a0Por su parte, los Movimientos pueden aprender mucho del testimonio de la vida consagrada, que custodia m\u00faltiples tesoros de sabidur\u00eda y experiencia\u201d. Cuando el abad supo que <a href=\"http:\/\/www.chiaraluce.org\/\">Chiara Luce Badano<\/a> \u2013la joven recientemente beatificada en Roma- hab\u00eda estado\u00a0 en Montserrat algunos a\u00f1os antes de su muerte se sinti\u00f3 feliz. \u201c\u00a1Hay otra cosa que nos une!\u201d, exclam\u00f3 el P. Josep.<\/p>\n<p>Siempre el lunes 17 el Cardenal de Barcelona, Mons. Sistach, acogi\u00f3 a Mar\u00eda Voce con gran afecto, recordando la visita de Chiara en el 2002. Y todav\u00eda una noche tuvo lugar un encuentro entre la Presidente y el Arzobispo de La Seu d\u2019Urgell y co-pr\u00edncipe de Andorra, Mons. Joan-Enric Vives i Sic\u00edlia.<\/p>\n<p>El viaje se concluy\u00f3 con la visita a la Sagrada Familia, consagrada en noviembre pasado por el Papa Benedicto XVI, y a la editorial <em>Ciutat Nova<\/em>, edici\u00f3n catalana de Ciudad Nueva.<\/p>\n<p>Ahora se prosigue hacia la tierra de Andaluc\u00eda, a Sevilla, al sur de Espa\u00f1a.<\/p>\n","protected":false},"excerpt":{"rendered":"<p>En el santuario de Montserrat y en Sagrada Familia se concluy\u00f3 la estad\u00eda de Mar\u00eda Voce y Giancarlo Faletti en Catalu\u00f1a. Ahora parten hacia Andaluc\u00eda.<\/p>\n","protected":false},"author":34,"featured_media":0,"comment_status":"open","ping_status":"open","sticky":false,"template":"","format":"standard","meta":{"give_campaign_id":0,"_seopress_robots_primary_cat":"","_seopress_titles_title":"","_seopress_titles_desc":"","_seopress_robots_index":"","_et_pb_use_builder":"","_et_pb_old_content":"","_et_gb_content_width":"","footnotes":""},"categories":[904],"tags":[],"class_list":["post-294802","post","type-post","status-publish","format-standard","hentry","category-focolare-worldwide-2-2"],"_links":{"self":[{"href":"https:\/\/www.focolare.org\/es\/wp-json\/wp\/v2\/posts\/294802","targetHints":{"allow":["GET"]}}],"collection":[{"href":"https:\/\/www.focolare.org\/es\/wp-json\/wp\/v2\/posts"}],"about":[{"href":"https:\/\/www.focolare.org\/es\/wp-json\/wp\/v2\/types\/post"}],"author":[{"embeddable":true,"href":"https:\/\/www.focolare.org\/es\/wp-json\/wp\/v2\/users\/34"}],"replies":[{"embeddable":true,"href":"https:\/\/www.focolare.org\/es\/wp-json\/wp\/v2\/comments?post=294802"}],"version-history":[{"count":0,"href":"https:\/\/www.focolare.org\/es\/wp-json\/wp\/v2\/posts\/294802\/revisions"}],"wp:attachment":[{"href":"https:\/\/www.focolare.org\/es\/wp-json\/wp\/v2\/media?parent=294802"}],"wp:term":[{"taxonomy":"category","embeddable":true,"href":"https:\/\/www.focolare.org\/es\/wp-json\/wp\/v2\/categories?post=294802"},{"taxonomy":"post_tag","embeddable":true,"href":"https:\/\/www.focolare.org\/es\/wp-json\/wp\/v2\/tags?post=294802"}],"curies":[{"name":"wp","href":"https:\/\/api.w.org\/{rel}","templated":true}]}}