{"id":294840,"date":"2011-01-25T07:29:37","date_gmt":"2011-01-25T06:29:37","guid":{"rendered":"https:\/\/www.focolare.org\/maria-voce-visita-una-empresa-de-la-economia-de-comunion\/"},"modified":"2024-05-13T20:51:33","modified_gmt":"2024-05-13T18:51:33","slug":"maria-voce-visita-una-empresa-de-la-economia-de-comunion","status":"publish","type":"post","link":"https:\/\/www.focolare.org\/es\/maria-voce-visita-una-empresa-de-la-economia-de-comunion\/","title":{"rendered":"Mar\u00eda Voce visita una empresa de la Econom\u00eda de Comuni\u00f3n"},"content":{"rendered":"<\/p>\n","protected":false},"excerpt":{"rendered":"<p>\u201cHubiera venido a Espa\u00f1a s\u00f3lo por esto\u201d, dijo la presidenta del Movimiento de los Focolares visitando la Unidad de Estancia Diurna para personas mayores \u201cLa Miniera\u201d,  en Dos Hermanas (Sevilla).<\/p>\n","protected":false},"author":34,"featured_media":0,"comment_status":"open","ping_status":"open","sticky":false,"template":"","format":"standard","meta":{"give_campaign_id":0,"_seopress_robots_primary_cat":"","_seopress_titles_title":"","_seopress_titles_desc":"","_seopress_robots_index":"","_et_pb_use_builder":"","_et_pb_old_content":"","_et_gb_content_width":"","footnotes":""},"categories":[904],"tags":[],"class_list":["post-294840","post","type-post","status-publish","format-standard","hentry","category-focolare-worldwide-2-2"],"_links":{"self":[{"href":"https:\/\/www.focolare.org\/es\/wp-json\/wp\/v2\/posts\/294840","targetHints":{"allow":["GET"]}}],"collection":[{"href":"https:\/\/www.focolare.org\/es\/wp-json\/wp\/v2\/posts"}],"about":[{"href":"https:\/\/www.focolare.org\/es\/wp-json\/wp\/v2\/types\/post"}],"author":[{"embeddable":true,"href":"https:\/\/www.focolare.org\/es\/wp-json\/wp\/v2\/users\/34"}],"replies":[{"embeddable":true,"href":"https:\/\/www.focolare.org\/es\/wp-json\/wp\/v2\/comments?post=294840"}],"version-history":[{"count":0,"href":"https:\/\/www.focolare.org\/es\/wp-json\/wp\/v2\/posts\/294840\/revisions"}],"wp:attachment":[{"href":"https:\/\/www.focolare.org\/es\/wp-json\/wp\/v2\/media?parent=294840"}],"wp:term":[{"taxonomy":"category","embeddable":true,"href":"https:\/\/www.focolare.org\/es\/wp-json\/wp\/v2\/categories?post=294840"},{"taxonomy":"post_tag","embeddable":true,"href":"https:\/\/www.focolare.org\/es\/wp-json\/wp\/v2\/tags?post=294840"}],"curies":[{"name":"wp","href":"https:\/\/api.w.org\/{rel}","templated":true}]}}