{"id":294860,"date":"2011-01-31T11:00:29","date_gmt":"2011-01-31T10:00:29","guid":{"rendered":"https:\/\/www.focolare.org\/gennaio-2011\/"},"modified":"2024-05-13T20:51:36","modified_gmt":"2024-05-13T18:51:36","slug":"gennaio-2011","status":"publish","type":"post","link":"https:\/\/www.focolare.org\/es\/gennaio-2011\/","title":{"rendered":"Gennaio 2011"},"content":{"rendered":"<p><\/em> <\/p>\n<h3><span style=\"color: #008080\">\u00abEl grupo de los creyentes estaba totalmente compenetrado en un mismo sentir y pensar y ninguno consideraba de su exclusiva propiedad los bienes que pose\u00eda, sino que todos los disfrutaban en com\u00fan\u00bb.<\/span><\/h3>\n<p> Esta Palabra de vida nos presenta uno de esos cuadros literarios (v\u00e9ase tambi\u00e9n Hch 2, 42; 5, 12-16) en los que el autor de los Hechos de los Ap\u00f3stoles nos da a conocer a grandes rasgos la primera comunidad cristiana de Jerusal\u00e9n. \u00c9sta se caracterizaba por su lozan\u00eda, su dinamismo espiritual., por la oraci\u00f3n, por el testimonio y, sobre todo, por su gran unidad, rasgo que Jes\u00fas quer\u00eda que fuese signo inconfundible y fuente de fecundidad de su Iglesia.  El Esp\u00edritu Santo, que en el bautismo se les da a todos los que acogen la Palabra de Jes\u00fas, al ser esp\u00edritu de amor y de unidad, hac\u00eda de todos los creyentes uno, con el Resucitado y entre ellos, y los llevaba a superar todas las diferencias de raza, cultura y clase social. <\/p>\n<h3><span style=\"color: #008080\">\u00abEl grupo de los creyentes estaba totalmente compenetrado en un mismo sentir y pensar y ninguno consideraba de su exclusiva propiedad los bienes que pose\u00eda, sino que todos los disfrutaban en com\u00fan\u00bb.<\/span><\/h3>\n<p> Pero veamos con m\u00e1s detalle los aspectos de esa unidad.  Ante todo, el Esp\u00edritu Santo obraba entre los creyentes la unidad de sus corazones y de sus mentes y, en la din\u00e1mica de la comuni\u00f3n fraterna, los ayudaba a superar los sentimientos que la hac\u00edan dif\u00edcil.  En realidad, el mayor obst\u00e1culo para la unidad es nuestro individualismo, es el apego a nuestras ideas, puntos de vista y gustos personales. Las barreras con las que nos aislamos y excluimos al que es distinto de nosotros se construyen con el ego\u00edsmo. <\/p>\n<h3><span style=\"color: #008080\">\u00abEl grupo de los creyentes estaba totalmente compenetrado en un mismo sentir y pensar y ninguno consideraba de su exclusiva propiedad los bienes que pose\u00eda, sino que todos los disfrutaban en com\u00fan\u00bb.<\/span><\/h3>\n<p> Y la unidad obrada por el Esp\u00edritu Santo se reflejaba necesariamente en la vida de los creyentes. Su unidad de pensamiento y de coraz\u00f3n se encarnaba y se manifestaba en una solidaridad concreta, en el compartir sus bienes con los hermanos y hermanas necesitados. Y precisamente porque su unidad era aut\u00e9ntica, no toleraba que en la comunidad unos viviesen en la abundancia mientras que a otros les faltaba lo necesario.  \u00abEl grupo de los creyentes estaba totalmente compenetrado en un mismo sentir y pensar y ninguno consideraba de su exclusiva propiedad los bienes que pose\u00eda, sino que todos los disfrutaban en com\u00fan\u00bb.  La Palabra de vida de este mes subraya la comuni\u00f3n y la unidad, tan encarecida por Jes\u00fas. Para realizarla, \u00c9l nos dio su Esp\u00edritu. \u00bfC\u00f3mo viviremos, pues, esta Palabra de vida?  Escuchando la voz del Esp\u00edritu Santo, trataremos de crecer en esa comuni\u00f3n en todos los \u00e1mbitos. Ante todo, en el espiritual, superando los brotes de divisi\u00f3n que llevamos dentro de nosotros. Por ejemplo, ser\u00eda un contrasentido querer estar unidos a Jes\u00fas y al mismo tiempo estar divididos entre nosotros comport\u00e1ndonos de un modo individualista, yendo cada uno por su cuenta, juzg\u00e1ndonos e incluso excluy\u00e9ndonos. Por lo tanto, es necesario que nos convirtamos de nuevo a Dios, que nos quiere unidos.  Adem\u00e1s, esta Palabra nos ayudar\u00e1 a comprender cada vez mejor la contradicci\u00f3n que existe entre la fe cristiana y el uso ego\u00edsta de los bienes materiales. Nos ayudar\u00e1 a solidarizarnos realmente con los que est\u00e1n necesitados, aun dentro de nuestras posibilidades.  Como nos encontramos en el mes en que se celebra la semana de oraci\u00f3n por la unidad de los cristianos, esta Palabra nos impulsar\u00e1 a rezar y a reforzar nuestros v\u00ednculos de unidad y de comuni\u00f3n con nuestros hermanos y hermanas que pertenecen a otras Iglesias, con los que tenemos en com\u00fan una \u00fanica fe y un \u00fanico esp\u00edritu de Cristo que recibimos en el bautismo.  <em>Chiara Lubich<\/em><\/p>\n","protected":false},"excerpt":{"rendered":"<p>\u00abEl grupo de los creyentes estaba totalmente compenetrado en un mismo sentir y pensar y ninguno consideraba de su exclusiva propiedad los bienes que pose\u00eda, sino que todos los disfrutaban en com\u00fan\u00bb (Hch 4, 32)<\/p>\n","protected":false},"author":34,"featured_media":0,"comment_status":"open","ping_status":"open","sticky":false,"template":"","format":"standard","meta":{"give_campaign_id":0,"_seopress_robots_primary_cat":"","_seopress_titles_title":"","_seopress_titles_desc":"","_seopress_robots_index":"","_et_pb_use_builder":"","_et_pb_old_content":"","_et_gb_content_width":"","footnotes":""},"categories":[95,46],"tags":[],"class_list":["post-294860","post","type-post","status-publish","format-standard","hentry","category-palabra-de-vida","category-sin-categorizar"],"_links":{"self":[{"href":"https:\/\/www.focolare.org\/es\/wp-json\/wp\/v2\/posts\/294860","targetHints":{"allow":["GET"]}}],"collection":[{"href":"https:\/\/www.focolare.org\/es\/wp-json\/wp\/v2\/posts"}],"about":[{"href":"https:\/\/www.focolare.org\/es\/wp-json\/wp\/v2\/types\/post"}],"author":[{"embeddable":true,"href":"https:\/\/www.focolare.org\/es\/wp-json\/wp\/v2\/users\/34"}],"replies":[{"embeddable":true,"href":"https:\/\/www.focolare.org\/es\/wp-json\/wp\/v2\/comments?post=294860"}],"version-history":[{"count":0,"href":"https:\/\/www.focolare.org\/es\/wp-json\/wp\/v2\/posts\/294860\/revisions"}],"wp:attachment":[{"href":"https:\/\/www.focolare.org\/es\/wp-json\/wp\/v2\/media?parent=294860"}],"wp:term":[{"taxonomy":"category","embeddable":true,"href":"https:\/\/www.focolare.org\/es\/wp-json\/wp\/v2\/categories?post=294860"},{"taxonomy":"post_tag","embeddable":true,"href":"https:\/\/www.focolare.org\/es\/wp-json\/wp\/v2\/tags?post=294860"}],"curies":[{"name":"wp","href":"https:\/\/api.w.org\/{rel}","templated":true}]}}