{"id":294892,"date":"2011-02-10T07:04:59","date_gmt":"2011-02-10T06:04:59","guid":{"rendered":"https:\/\/www.focolare.org\/itle-vie-dellunitadeeine-okumene-des-lebensfrun-oecumenisme-fait-de-vieptum-ecumenismo-feito-de-vidazh%e9%82%84%e6%9c%89%e4%b8%80%e7%a8%ae%e4%bb%a5%e7%94%9f%e6%b4%bb%e7%82%ba\/"},"modified":"2024-05-13T20:51:40","modified_gmt":"2024-05-13T18:51:40","slug":"itle-vie-dellunitadeeine-okumene-des-lebensfrun-oecumenisme-fait-de-vieptum-ecumenismo-feito-de-vidazh%e9%82%84%e6%9c%89%e4%b8%80%e7%a8%ae%e4%bb%a5%e7%94%9f%e6%b4%bb%e7%82%ba","status":"publish","type":"post","link":"https:\/\/www.focolare.org\/es\/itle-vie-dellunitadeeine-okumene-des-lebensfrun-oecumenisme-fait-de-vieptum-ecumenismo-feito-de-vidazh%e9%82%84%e6%9c%89%e4%b8%80%e7%a8%ae%e4%bb%a5%e7%94%9f%e6%b4%bb%e7%82%ba\/","title":{"rendered":"[:it]Le vie dell\u2019unit\u00e0[:de]Eine \u00d6kumene des Lebens[:fr]Un \u0153cum\u00e9nisme fait de vie[:pt]Um ecumenismo feito de vida[:zh]\u9084\u6709\u4e00\u7a2e\u4ee5\u751f\u6d3b\u70ba\u57fa\u790e\u7684\u5927\u516c\u5408\u4e00\u904b\u52d5"},"content":{"rendered":"<\/p>\n","protected":false},"excerpt":{"rendered":"<p>Una pagina del 1976 per vivere insieme la Settimana di preghiera per l\u2019unit\u00e0 dei cristiani (18-25 gennaio)<\/p>\n","protected":false},"author":34,"featured_media":0,"comment_status":"open","ping_status":"open","sticky":false,"template":"","format":"standard","meta":{"give_campaign_id":0,"_seopress_robots_primary_cat":"","_seopress_titles_title":"","_seopress_titles_desc":"","_seopress_robots_index":"","_et_pb_use_builder":"","_et_pb_old_content":"","_et_gb_content_width":"","footnotes":""},"categories":[46],"tags":[],"class_list":["post-294892","post","type-post","status-publish","format-standard","hentry","category-sin-categorizar"],"_links":{"self":[{"href":"https:\/\/www.focolare.org\/es\/wp-json\/wp\/v2\/posts\/294892","targetHints":{"allow":["GET"]}}],"collection":[{"href":"https:\/\/www.focolare.org\/es\/wp-json\/wp\/v2\/posts"}],"about":[{"href":"https:\/\/www.focolare.org\/es\/wp-json\/wp\/v2\/types\/post"}],"author":[{"embeddable":true,"href":"https:\/\/www.focolare.org\/es\/wp-json\/wp\/v2\/users\/34"}],"replies":[{"embeddable":true,"href":"https:\/\/www.focolare.org\/es\/wp-json\/wp\/v2\/comments?post=294892"}],"version-history":[{"count":0,"href":"https:\/\/www.focolare.org\/es\/wp-json\/wp\/v2\/posts\/294892\/revisions"}],"wp:attachment":[{"href":"https:\/\/www.focolare.org\/es\/wp-json\/wp\/v2\/media?parent=294892"}],"wp:term":[{"taxonomy":"category","embeddable":true,"href":"https:\/\/www.focolare.org\/es\/wp-json\/wp\/v2\/categories?post=294892"},{"taxonomy":"post_tag","embeddable":true,"href":"https:\/\/www.focolare.org\/es\/wp-json\/wp\/v2\/tags?post=294892"}],"curies":[{"name":"wp","href":"https:\/\/api.w.org\/{rel}","templated":true}]}}