{"id":294896,"date":"2011-02-14T07:55:37","date_gmt":"2011-02-14T06:55:37","guid":{"rendered":"https:\/\/www.focolare.org\/del-11-al-20-de-febrero-maria-voce-y-giancarlo-faletti-visitaran-tierra-santa\/"},"modified":"2024-05-13T20:51:40","modified_gmt":"2024-05-13T18:51:40","slug":"del-11-al-20-de-febrero-maria-voce-y-giancarlo-faletti-visitaran-tierra-santa","status":"publish","type":"post","link":"https:\/\/www.focolare.org\/es\/del-11-al-20-de-febrero-maria-voce-y-giancarlo-faletti-visitaran-tierra-santa\/","title":{"rendered":"Del 11 al 20 de febrero Mar\u00eda Voce y Giancarlo Faletti visitar\u00e1n Tierra Santa"},"content":{"rendered":"<\/p><\/p>\n","protected":false},"excerpt":{"rendered":"<p>Un viaje bajo el signo del di\u00e1logo ecum\u00e9nico e interreligioso y visita a la comunidad de los Focolares. Pasos de esperanza, que seguiremos a trav\u00e9s de focolare.org con los periodistas Roberto Catalano y Michele Zanzucchi.<\/p>\n","protected":false},"author":34,"featured_media":0,"comment_status":"open","ping_status":"open","sticky":false,"template":"","format":"standard","meta":{"give_campaign_id":0,"_seopress_robots_primary_cat":"","_seopress_titles_title":"","_seopress_titles_desc":"","_seopress_robots_index":"","_et_pb_use_builder":"","_et_pb_old_content":"","_et_gb_content_width":"","footnotes":""},"categories":[904],"tags":[],"class_list":["post-294896","post","type-post","status-publish","format-standard","hentry","category-focolare-worldwide-2-2"],"_links":{"self":[{"href":"https:\/\/www.focolare.org\/es\/wp-json\/wp\/v2\/posts\/294896","targetHints":{"allow":["GET"]}}],"collection":[{"href":"https:\/\/www.focolare.org\/es\/wp-json\/wp\/v2\/posts"}],"about":[{"href":"https:\/\/www.focolare.org\/es\/wp-json\/wp\/v2\/types\/post"}],"author":[{"embeddable":true,"href":"https:\/\/www.focolare.org\/es\/wp-json\/wp\/v2\/users\/34"}],"replies":[{"embeddable":true,"href":"https:\/\/www.focolare.org\/es\/wp-json\/wp\/v2\/comments?post=294896"}],"version-history":[{"count":0,"href":"https:\/\/www.focolare.org\/es\/wp-json\/wp\/v2\/posts\/294896\/revisions"}],"wp:attachment":[{"href":"https:\/\/www.focolare.org\/es\/wp-json\/wp\/v2\/media?parent=294896"}],"wp:term":[{"taxonomy":"category","embeddable":true,"href":"https:\/\/www.focolare.org\/es\/wp-json\/wp\/v2\/categories?post=294896"},{"taxonomy":"post_tag","embeddable":true,"href":"https:\/\/www.focolare.org\/es\/wp-json\/wp\/v2\/tags?post=294896"}],"curies":[{"name":"wp","href":"https:\/\/api.w.org\/{rel}","templated":true}]}}