{"id":294926,"date":"2011-02-18T20:22:27","date_gmt":"2011-02-18T19:22:27","guid":{"rendered":"https:\/\/www.focolare.org\/africa-europa-y-brasil-los-nuevos-pasos-de-la-economia-de-comunion\/"},"modified":"2024-05-13T20:51:44","modified_gmt":"2024-05-13T18:51:44","slug":"africa-europa-y-brasil-los-nuevos-pasos-de-la-economia-de-comunion","status":"publish","type":"post","link":"https:\/\/www.focolare.org\/es\/africa-europa-y-brasil-los-nuevos-pasos-de-la-economia-de-comunion\/","title":{"rendered":"Africa, Europa y Brasil, los nuevos pasos de la Econom\u00eda de Comuni\u00f3n"},"content":{"rendered":"<p><p><em><br \/> <\/em><\/p>\n<ul>\n<li><strong><a href=\"http:\/\/www.edc-online.org\/es\/audio-y-video\/videos\/especial-africa-2011.html\" target=\"_blank\" rel=\"noopener\">Video &#8211; Especial      Africa 2011<\/a><\/strong><strong> <\/strong>\n<p>En esta p\u00e1gina hay varios v\u00eddeos disponibles, en distintos idiomas,      relativos a la       <strong>Escuela Panafricana<\/strong><strong> de EdC<\/strong> celebrada en la Mari\u00e1polis Piero      de Nairobi del 23 al 25 de enero de 2011, as\u00ed como a la Conferencia       Internacional\u00a0      \u00ab<strong>Economy of Communion:      a New Paradigm for African Development<\/strong>\u00bb celebrada en la\u00a0 <strong>Universidad       Cat\u00f3lica<\/strong><strong> de      Africa Oriental (CUEA)<\/strong> del 26 al 28 de enero de 2011.<\/li>\n<\/ul>\n<ul>\n<li><strong><a href=\"http:\/\/www.edc-online.org\/es\/inicio\/eventos-italia\/1453-sergio-gironella-la-persona-al-centro.html\" target=\"_blank\" rel=\"noopener\">Sergio Gironella: la persona al centro<\/a> <\/strong>\n<p>El domingo 13 de febrero nos dejaba Sergio Gironella, socio fundador de la      cooperativa de la EdC \u201cIl Sentiero Servizi\u201d de Macerata. \u201c<strong>Sergio      Gironella<\/strong>, <em>de 47 a\u00f1os y padre de 4 hijos nos dej\u00f3 el domingo pasado por un agravamiento repentino de la      enfermedad que padec\u00eda.<\/em>\u201d Nos lo comunica <strong>Romano Ruffini<\/strong>, quien en 1994 le invit\u00f3 a participar en la aventura de la EdC. \u201c<em>Aquel a\u00f1o le habl\u00e9 a Sergio de la Econom\u00eda de Comuni\u00f3n. El, que pertenec\u00eda al Camino Neocatecumenal, qued\u00f3 fascinado por el mensaje de Chiara, hasta tal punto      que decidi\u00f3 despedirse de la sociedad para la que trabajaba para fundar junto conmigo la cooperativa \u201cIl Sentiero Servizi\u201d, en Macerata. <\/em><em>Hay que se\u00f1alar que en aquel momento no ten\u00edamos ninguna perspectiva concreta y ese paso fue un verdadero salto en el vac\u00edo.<\/em>\u201d<\/li>\n<\/ul>\n<ul>\n<li><strong><a href=\"http:\/\/www.edc-online.org\/es\/inicio\/eventos-internacionales\/1454-francia-scuola-di-formazione-per-imprenditori-edc.html\" target=\"_blank\" rel=\"noopener\">Francia, encuentro de formaci\u00f3n para empresarios de la EdC<\/a> <\/strong>\n<p>Celebrado los d\u00edas 12 y 13 de febrero de 2011 en la Mari\u00e1polis de Arny.\u00a0      29 personas, 24 empresas representadas y muchos j\u00f3venes, sin olvidar un nutrido grupo de ni\u00f1os. Todos juntos para vivir un fin de semana de formaci\u00f3n y comuni\u00f3n.<\/li>\n<\/ul>\n<ul>\n<li><strong><a href=\"http:\/\/www.edc-online.org\/es\/inicio\/eventos-brasil\/1450-brasile-sao-paulo-29052011-iscrizioni-online.htm\" target=\"_blank\" rel=\"noopener\">Brasil &#8211; Sao      Paulo, 29\/05\/2011. Inscripci\u00f3n online<\/a> <\/strong>\n<p>El 29 de mayo de 2011 la Edc cumple 20 a\u00f1os. El plazo de inscripci\u00f3n para el evento termina el 20 de mayo de 2011. Como conclusi\u00f3n de los 4 d\u00edas de  trabajo de la Primera Asamblea Internacional de la      Econom\u00eda de Comuni\u00f3n y con ocasi\u00f3n del 20\u00ba Aniversario del lanzamiento del      proyecto, el <strong>Memorial Am\u00e9rica      Latina<\/strong> acoger\u00e1 la celebraci\u00f3n de un gran acontecimiento de la EdC: la <strong>Jornada abierta \u201820\u00ba Aniversario de la EdC\u2019<\/strong>. Ser\u00e1 una ocasi\u00f3n para celebrar juntos los primeros 20 a\u00f1os de      vida del proyecto, escuchar las conclusiones de los trabajos de la Asamblea, conocer sus documentos y ver las perspectivas de futuro. <\/ul><\/p>\n","protected":false},"excerpt":{"rendered":"<p>Los v\u00eddeos de la escuela panafricana de EdC, la historia de Sergio Gironella, un empresario italiano que nos ha dejado estos d\u00edas, la escuela celebrada el pasado fin de semana en Francia y la preparaci\u00f3n del 20\u00ba Aniversario de la Econom\u00eda de Comuni\u00f3n en Brasil.<\/p>\n","protected":false},"author":34,"featured_media":0,"comment_status":"open","ping_status":"open","sticky":false,"template":"","format":"standard","meta":{"give_campaign_id":0,"_seopress_robots_primary_cat":"","_seopress_titles_title":"","_seopress_titles_desc":"","_seopress_robots_index":"","_et_pb_use_builder":"","_et_pb_old_content":"","_et_gb_content_width":"","footnotes":""},"categories":[904],"tags":[],"class_list":["post-294926","post","type-post","status-publish","format-standard","hentry","category-focolare-worldwide-2-2"],"_links":{"self":[{"href":"https:\/\/www.focolare.org\/es\/wp-json\/wp\/v2\/posts\/294926","targetHints":{"allow":["GET"]}}],"collection":[{"href":"https:\/\/www.focolare.org\/es\/wp-json\/wp\/v2\/posts"}],"about":[{"href":"https:\/\/www.focolare.org\/es\/wp-json\/wp\/v2\/types\/post"}],"author":[{"embeddable":true,"href":"https:\/\/www.focolare.org\/es\/wp-json\/wp\/v2\/users\/34"}],"replies":[{"embeddable":true,"href":"https:\/\/www.focolare.org\/es\/wp-json\/wp\/v2\/comments?post=294926"}],"version-history":[{"count":0,"href":"https:\/\/www.focolare.org\/es\/wp-json\/wp\/v2\/posts\/294926\/revisions"}],"wp:attachment":[{"href":"https:\/\/www.focolare.org\/es\/wp-json\/wp\/v2\/media?parent=294926"}],"wp:term":[{"taxonomy":"category","embeddable":true,"href":"https:\/\/www.focolare.org\/es\/wp-json\/wp\/v2\/categories?post=294926"},{"taxonomy":"post_tag","embeddable":true,"href":"https:\/\/www.focolare.org\/es\/wp-json\/wp\/v2\/tags?post=294926"}],"curies":[{"name":"wp","href":"https:\/\/api.w.org\/{rel}","templated":true}]}}