{"id":294954,"date":"2011-02-23T06:31:48","date_gmt":"2011-02-23T05:31:48","guid":{"rendered":"https:\/\/www.focolare.org\/el-foro-social-mundial-un-lugar-de-esperanza-para-los-pobres\/"},"modified":"2024-05-13T20:51:47","modified_gmt":"2024-05-13T18:51:47","slug":"el-foro-social-mundial-un-lugar-de-esperanza-para-los-pobres","status":"publish","type":"post","link":"https:\/\/www.focolare.org\/es\/el-foro-social-mundial-un-lugar-de-esperanza-para-los-pobres\/","title":{"rendered":"El foro social mundial \u2013 \u00bfun lugar de esperanza para los pobres?"},"content":{"rendered":"<p><p><strong>\u00abSaliendo de Viena vi las im\u00e1genes de la Plaza Tahrir en El Cairo. <\/strong>Llegando a Dakar vi que en la primera p\u00e1gina de un peri\u00f3dico se reportaba el llamado de un im\u00e1n a rezar para pedir la renuncia del octogenario Presidente de Senegal Abdoulaye Wade. Esperemos que se limite a la oraci\u00f3n, pens\u00e9. Al d\u00eda siguiente fue de la Misa de inauguraci\u00f3n del Foro Social Mundial en la Iglesia de los M\u00e1rtires de Uganda. La pr\u00e9dica del cardenal Th\u00e9odore-Adrien Sarr tuvo al mismo tiempo un fuerte timbre espiritual y social. Denunci\u00f3 francamente la corrupci\u00f3n, y lo hizo ante la presencia de un Ministro y de otras personalidades de la vida p\u00fablica.<\/p>\n<p>Los dos eventos hac\u00edan entender enseguida el clima altamente pol\u00edtico durante la apertura del <strong><a href=\"http:\/\/fsm2011.org\/en\/frontpage\" target=\"_blank\" rel=\"noopener\">11\u00b0 Foro Social en Dakar<\/a><\/strong> (6-11 febrero). En la marcha de inauguraci\u00f3n los 70.000 participantes se dirigieron con mucho orden hacia la <strong>universidad Cheikh Anta Diop.<\/strong> Y durante toda la semana rein\u00f3 un clima solidario y fraterno, que no se vio ofuscado m\u00ednimamente por las dificultades de organizaci\u00f3n causadas por las m\u00e1s de 400 conferencias y reuniones cotidianas.<\/p>\n<p>Una de las conferencias fue sostenida conjuntamente por \u00a0<a href=\"http:\/\/www.transform-network.net\/\">transform!europe<\/a> (red cultural de la izquierda europea) y de los Focolares. El t\u00edtulo fue, \u201cCrisis de la civilizaci\u00f3n: interpretaciones y alternativas desde el punto de vista cristiano, interreligioso y marxista\u201d, quer\u00eda poner en evidencia que lo religioso no es solamente algo tolerado, sino deseado. Se le dio prioridad a las \u201ciniciativas de convergencia\u201d, es decir aquellas de colaboraci\u00f3n entre varios compa\u00f1eros, ya sea en sentido geogr\u00e1fico, que como visi\u00f3n del mundo.\u00a0 En el palco hab\u00eda exponentes de los Focolares llegados de <strong>Italia, Austria, Francia, Costa de Marfil, Guinea-Bissau y Senegal<\/strong> \u2013de religi\u00f3n cat\u00f3lica y musulmana. Por parte de <em>transform!europe<\/em> estaban presentes <strong>Marga Ferr\u00e9 (Espa\u00f1a) y Walter Baier (Austria)<\/strong>, promotor de la idea de preparar juntos este evento. Su constataci\u00f3n final, compartida por Marga Ferr\u00e9, fue: \u00abHe aprendido [de los proyectos de los Focolares] que la solidaridad empieza con lo concreto, empezando por los m\u00e1s necesitados. Por lo tanto \u00a1ning\u00fan comunismo, ning\u00fan marxismo sin este sentido de empat\u00eda! La opci\u00f3n por los pobres es m\u00e1s que simplemente amor por el pr\u00f3jimo: quiere decir ver el mundo con los ojos de los m\u00e1s necesitados\u00bb.<\/p>\n<p>Y prosigui\u00f3: \u00abTenemos necesidad de una \u00e9tica y de una moral nuevas y de desarrollar en el di\u00e1logo el sentido de la vida. Nadie puede imponer una autoridad para llevar adelante su idea y nadie puede determinar la direcci\u00f3n que hay que tomar. Tenemos que incrementar el di\u00e1logo, uniendo esfuerzos para cambiar la \u00e9tica. Y despu\u00e9s, se necesita un lugar pol\u00edtico y un cambio en las leyes econ\u00f3micas\u00bb.<\/p>\n<p>Y concluy\u00f3: \u00abSe necesita el amor para ser capaces de hacer pol\u00edtica, no s\u00f3lo en forma profesional: es decir no s\u00f3lo sabiendo maniobrar los mecanismos de la pol\u00edtica. (&#8230;) Se necesita abnegaci\u00f3n. Sin el amor ning\u00fan cambio de estructuras funciona. Llam\u00e9moslo como queramos: fraternidad, amor, solidaridad\u00bb.<\/p>\n<p>Durante en foro en Dakar, se profundiz\u00f3 en el conocimiento entre las ONG presentes y el deseo de seguir colaborando\u00a0 y caminando juntos por la via emprendida. Los organizadores auspiciaron que <em>\u201cDakar se expanda\u201d <\/em>a toda \u00c1frica y a todo el mundo. \u00bfUn hilo de esperanza para los pobres?<\/p>\n<p><em>de Franz Kronreif*<\/em><\/p>\n<p><em> <\/em><\/p>\n<p><em>* Encargado de los Focolares, junto con Claretta Dal R\u00ec, para el di\u00e1logo con personas sin una referencia religiosa.<\/em><\/p><\/p>\n","protected":false},"excerpt":{"rendered":"<p>En Dakar los Focolares, conjuntamente con transform!europe, participan con una conferencia con el t\u00edtulo \u201cCrisis de la civilizaci\u00f3n: interpretaciones y alternativas desde el punto de vista cristiano, interreligioso y marxista\u201d.<\/p>\n","protected":false},"author":34,"featured_media":0,"comment_status":"open","ping_status":"open","sticky":false,"template":"","format":"standard","meta":{"give_campaign_id":0,"_seopress_robots_primary_cat":"","_seopress_titles_title":"","_seopress_titles_desc":"","_seopress_robots_index":"","_et_pb_use_builder":"","_et_pb_old_content":"","_et_gb_content_width":"","footnotes":""},"categories":[904],"tags":[],"class_list":["post-294954","post","type-post","status-publish","format-standard","hentry","category-focolare-worldwide-2-2"],"_links":{"self":[{"href":"https:\/\/www.focolare.org\/es\/wp-json\/wp\/v2\/posts\/294954","targetHints":{"allow":["GET"]}}],"collection":[{"href":"https:\/\/www.focolare.org\/es\/wp-json\/wp\/v2\/posts"}],"about":[{"href":"https:\/\/www.focolare.org\/es\/wp-json\/wp\/v2\/types\/post"}],"author":[{"embeddable":true,"href":"https:\/\/www.focolare.org\/es\/wp-json\/wp\/v2\/users\/34"}],"replies":[{"embeddable":true,"href":"https:\/\/www.focolare.org\/es\/wp-json\/wp\/v2\/comments?post=294954"}],"version-history":[{"count":0,"href":"https:\/\/www.focolare.org\/es\/wp-json\/wp\/v2\/posts\/294954\/revisions"}],"wp:attachment":[{"href":"https:\/\/www.focolare.org\/es\/wp-json\/wp\/v2\/media?parent=294954"}],"wp:term":[{"taxonomy":"category","embeddable":true,"href":"https:\/\/www.focolare.org\/es\/wp-json\/wp\/v2\/categories?post=294954"},{"taxonomy":"post_tag","embeddable":true,"href":"https:\/\/www.focolare.org\/es\/wp-json\/wp\/v2\/tags?post=294954"}],"curies":[{"name":"wp","href":"https:\/\/api.w.org\/{rel}","templated":true}]}}