{"id":295010,"date":"2011-03-04T10:07:43","date_gmt":"2011-03-04T09:07:43","guid":{"rendered":"https:\/\/www.focolare.org\/accion-por-un-mundo-unido-cumple-25-anos\/"},"modified":"2024-05-13T20:51:53","modified_gmt":"2024-05-13T18:51:53","slug":"accion-por-un-mundo-unido-cumple-25-anos","status":"publish","type":"post","link":"https:\/\/www.focolare.org\/es\/accion-por-un-mundo-unido-cumple-25-anos\/","title":{"rendered":"\u201cAcci\u00f3n por un Mundo Unido\u201d cumple 25 a\u00f1os"},"content":{"rendered":"<p><p><img alt=\"\" alt=\"\" loading=\"lazy\" decoding=\"async\" class=\"alignright size-200x200 wp-image-27857\" style=\"margin-left: 10px;border: 0pt none\" src=\"https:\/\/www.focolare.org\/wp-content\/uploads\/2011\/03\/110304-03-200x200.jpg\" alt=\"\" width=\"200\" height=\"200\" \/>El agua, el aire, la tierra, el saber, la tecnolog\u00eda, la diversidad cultural, la paz, la biodiversidad, la vida\u2026: bienes comunes por tutelar. No s\u00f3lo por parte de los gobiernos y los organismos internacionales, sino de toda persona, familia y comunidad.<\/p>\n<p>Todos estamos llamados a crear una nueva cultura basada en la interdependencia, solidaridad, justicia y comuni\u00f3n mediante estilos de vida orientados al bien com\u00fan.<\/p>\n<p>Pero, \u00bfel concepto de \u201cBien Com\u00fan\u201d es el mismo en Asia, \u00c1frica, Europa?<\/p>\n<p><strong>Estos son los interrogantes planteados en el congreso <em>\u201cEn b\u00fasqueda del Bien Com\u00fan \u2013 Para custodiar el patrimonio de la humanidad\u201d,<\/em> organizado por la AMU \u201cAsociaci\u00f3n Acci\u00f3n por un Mundo Unido \u2013Onlus\u201d. En sus 25 a\u00f1os de fundaci\u00f3n,<\/strong> con la participaci\u00f3n de representantes de Tailandia, L\u00edbano, Burkina Faso, Burundi, Brasil, Alemania, Espa\u00f1a <strong>(s\u00e1bado 5 y domingo 6 de marzo de 2011, en Ciampino \u2013 Roma).<\/strong><\/p>\n<p><strong> <\/strong><\/p>\n<p><strong>Son numerosas las intervenciones de relatores y testigos calificados<\/strong> en di\u00e1logo con los participantes sobre temas como econom\u00eda solidaria, tutela de los recursos naturales, ciudadan\u00eda global, cooperaci\u00f3n para el desarrollo. <strong>Se\u00f1alamos entre otros a:<\/strong><\/p>\n<ul>\n<li><strong>Guido Barbera,<\/strong> Presidente del CIPSI<\/li>\n<li><strong>Luigino Bruni, <\/strong>profesor asociado de Econom\u00eda Pol\u00edtica en la Universidad Bicocca de Mil\u00e1n<\/li>\n<li> <strong>Vincenzo Buonomo, <\/strong>profesor titular de Derecho Internacional y Director de la Facultad de Jurisprudencia de la Universidad Pontificia Lateranense de Roma.<\/li>\n<li><strong>Rosario Lembo,<\/strong> Secretario Nacional del Comit\u00e9 para el Contrato Mundial sobre el Agua<\/li>\n<li><strong>Alberto Lo Presti, <\/strong>Profesor de Historia de Doctrina Pol\u00edtica en la Universidad Pontifica de Santo Tom\u00e1s de Aquino \u2013 Angelicum de Roma.<\/li>\n<li><strong>Telma Rocha,<\/strong> del sector proyectos para Am\u00e9rica Latina de la Fundaci\u00f3n Avina \u2013 Brasil.<\/li>\n<li><strong>Godefroy Sankara,<\/strong> Director de Buudu \u00c1frica y coordinador de <em>\u00c1frica<br \/> <\/em><\/li>\n<li><strong>Stefano Zamagni,<\/strong> profesor titular de la Facultad de Econom\u00eda de la Universidad de Bolonia<\/li>\n<\/ul>\n<p>Est\u00e1 en programa la exposici\u00f3n de algunas experiencias de <strong>econom\u00eda solidaria <\/strong>mediante stand y talleres. Un espacio privilegiado y reservado para los <strong>j\u00f3venes y para el proyecto sobre la ciudadan\u00eda activa <em>\u201cFuertes sin violencia\u201d, <\/em><\/strong>realizado en Alemania y a testimonios de Brasil, L\u00edbano y Burundi.<\/p>\n<p>El congreso est\u00e1 abierto a la ciudadan\u00eda y se dirige a los funcionarios de proyectos de solidaridad internacional, a las asociaciones y a todos aquellos que est\u00e1n interesados en el tema del desarrollo sostenible.<\/p>\n<p><em> <\/em><\/p>\n<p><strong>La AMU ha sido considerada id\u00f3nea por el Ministerio italiano de Asuntos Exteriores <\/strong>para la realizaci\u00f3n de proyectos de cooperaci\u00f3n para el desarrollo en pa\u00edses en v\u00edas de desarrollo y para actividades de formaci\u00f3n y educaci\u00f3n al desarrollo.<\/p>\n<p>Se inspira en la espiritualidad del Movimiento de los Focolares y se propone difundir una cultura del di\u00e1logo y de la unidad entre los pueblos. Junto a las poblaciones involucradas, se compromete a realizar actividades sostenibles que sienten las premisas para un efectivo desarrollo, en el respeto de la realidad social, cultural y econ\u00f3mica local.<\/p>\n<p><strong> <\/strong><\/p>\n<p><strong><span style=\"text-decoration: underline\">Para informaciones:<\/span><\/strong><\/p>\n<p><strong><em> <\/em><\/strong><\/p>\n<p><strong><em>Asociaci\u00f3n \u201cAcci\u00f3n por un Mundo Unido \u2013 ONLUS \u2013 \u201c (AMU)<\/em><\/strong><br \/> tel. : \u00a006 94792170<br \/> Patrizia Mazzola cel. 335.616.54.04<br \/> e-mail: <a href=\"mailto:eas@amu-it.eu\">eas@amu-it.eu<\/a><br \/> website: <a href=\"http:\/\/www.amu-it.eu\/\">www.amu-it.eu<\/a><\/p>\n<p>\ufeff<\/p><\/p>\n","protected":false},"excerpt":{"rendered":"<p>El evento es celebrado con el congreso \u201cEn b\u00fasqueda del Bien Com\u00fan. Para custodiar el patrimonio de la humanidad\u201d Roma.<\/p>\n","protected":false},"author":34,"featured_media":0,"comment_status":"open","ping_status":"open","sticky":false,"template":"","format":"standard","meta":{"give_campaign_id":0,"_seopress_robots_primary_cat":"","_seopress_titles_title":"","_seopress_titles_desc":"","_seopress_robots_index":"","_et_pb_use_builder":"","_et_pb_old_content":"","_et_gb_content_width":"","footnotes":""},"categories":[46],"tags":[],"class_list":["post-295010","post","type-post","status-publish","format-standard","hentry","category-sin-categorizar"],"_links":{"self":[{"href":"https:\/\/www.focolare.org\/es\/wp-json\/wp\/v2\/posts\/295010","targetHints":{"allow":["GET"]}}],"collection":[{"href":"https:\/\/www.focolare.org\/es\/wp-json\/wp\/v2\/posts"}],"about":[{"href":"https:\/\/www.focolare.org\/es\/wp-json\/wp\/v2\/types\/post"}],"author":[{"embeddable":true,"href":"https:\/\/www.focolare.org\/es\/wp-json\/wp\/v2\/users\/34"}],"replies":[{"embeddable":true,"href":"https:\/\/www.focolare.org\/es\/wp-json\/wp\/v2\/comments?post=295010"}],"version-history":[{"count":0,"href":"https:\/\/www.focolare.org\/es\/wp-json\/wp\/v2\/posts\/295010\/revisions"}],"wp:attachment":[{"href":"https:\/\/www.focolare.org\/es\/wp-json\/wp\/v2\/media?parent=295010"}],"wp:term":[{"taxonomy":"category","embeddable":true,"href":"https:\/\/www.focolare.org\/es\/wp-json\/wp\/v2\/categories?post=295010"},{"taxonomy":"post_tag","embeddable":true,"href":"https:\/\/www.focolare.org\/es\/wp-json\/wp\/v2\/tags?post=295010"}],"curies":[{"name":"wp","href":"https:\/\/api.w.org\/{rel}","templated":true}]}}