{"id":295052,"date":"2011-03-16T05:30:25","date_gmt":"2011-03-16T04:30:25","guid":{"rendered":"https:\/\/www.focolare.org\/en-nuremberg-y-en-madrid-crece-el-interes-por-la-economia-de-comunion\/"},"modified":"2024-05-13T20:51:57","modified_gmt":"2024-05-13T18:51:57","slug":"en-nuremberg-y-en-madrid-crece-el-interes-por-la-economia-de-comunion","status":"publish","type":"post","link":"https:\/\/www.focolare.org\/es\/en-nuremberg-y-en-madrid-crece-el-interes-por-la-economia-de-comunion\/","title":{"rendered":"En N\u00faremberg y en Madrid: crece el inter\u00e9s por la Econom\u00eda de Comuni\u00f3n"},"content":{"rendered":"<p><img alt=\"\" alt=\"\" loading=\"lazy\" decoding=\"async\" class=\"alignright size-200x200 wp-image-28684\" style=\"border: 0pt none;margin: 5px\" src=\"https:\/\/www.focolare.org\/wp-content\/uploads\/2011\/03\/20110316-04-200x181.jpg\" alt=\"\" width=\"200\" height=\"181\" \/>El mes de febrero vio crecer el inter\u00e9s por la <a href=\"http:\/\/www.edc-online.org\/\"><strong>Econom\u00eda de Comuni\u00f3n<\/strong><\/a> en dos ciudades europeas. En <strong>Madrid<\/strong>, el 19 de febrero por la tarde se celebr\u00f3 un encuentro dedicado a estudiantes y empresarios, centrado en las oportunidades que la EdC puede ofrecer a la sociedad espa\u00f1ola en este per\u00edodo de crisis econ\u00f3mica y moral.  <em>\u201cSi miras la vida de las empresas de EdC, <strong>si vives realmente la fraternidad,<\/strong> sin esconderte detr\u00e1s de la jerarqu\u00eda, si te expones al otro\u2026 sufres m\u00e1s heridas pero tienes m\u00e1s bendiciones\u201d, <\/em>dijo Luigino Bruni, docente de Econom\u00eda en la Universidad Biccoca de Mil\u00e1n, en un tema presentado en julio de 2010 y ofrecido a los participantes, quienes apreciaron y acogieron la novedad de la elecci\u00f3n de la EdC:<em> \u201dUna propuesta muy, pero muy valiente\u201d, <\/em>seg\u00fan uno de los empresarios presentes.  El di\u00e1logo continu\u00f3 por largo tiempo y tambi\u00e9n durante la cena con la que se concluy\u00f3 el encuentro. Otro <strong>empresario<\/strong>, presente por primera vez, dijo:<em>\u201c\u2026he entendido que ser empresario de la EdC significa elegir un estilo de vida\u2026\u201d.<\/em>.  M\u00e1s informaci\u00f3n sobre el evento <strong>aqu\u00ed<\/strong><a href=\"http:\/\/www.edc-online.org\/es\/inicio\/eventos-internacionales\/1476-madrid-serata-su-economia-di-comunione.html\"><\/a>  El 26 de febrero en cambio, en Nuremberg se<em> <\/em> concluy\u00f3 la s\u00e9ptima edici\u00f3n del Congreso de los dirigentes cristianos de empresas, en el cual la Econom\u00eda de Comuni\u00f3n fue uno de los 300 ponentes.  El t\u00edtulo del Expo-congreso, \u00fanico en su g\u00e9nero en Alemania, era <em><strong>\u201cCrecer, llevando adelante la empresa con los valores\u201d: <\/strong><\/em><strong>3800 los participantes y gran relieve en la prensa nacional.<\/strong>  <img alt=\"\" alt=\"\" loading=\"lazy\" decoding=\"async\" class=\"alignleft size-200x200 wp-image-28685\" style=\"border: 0pt none;margin: 5px\" src=\"https:\/\/www.focolare.org\/wp-content\/uploads\/2011\/03\/20110316-03-200x148.jpg\" alt=\"\" width=\"200\" height=\"148\" \/>El 25 de febrero por la tarde tuvo lugar la presentaci\u00f3n de la Econom\u00eda de Comuni\u00f3n, que puso de relieve la importancia para el cristiano de la <em><strong>\u201ccultura del dar\u201d <\/strong><\/em>tanto con respecto a los clientes, como en la relaci\u00f3n de fraternidad entre dos dirigentes, tambi\u00e9n en los momentos m\u00e1s dif\u00edciles para una empresa: <em>\u201cLo que he escuchado esta tarde es lo que hab\u00eda buscado toda mi vida\u201d <\/em>coment\u00f3 un empresario, mientras que otra participante dijo: <em>\u201cHan puesto en crisis mi principio del lucro, que consideraba imprescindible\u201d.<\/em>  Se pudo vivir as\u00ed una peque\u00f1a primicia de lo que ser\u00e1 el pr\u00f3ximo <strong>Congreso dedicado a los 20 a\u00f1os de la EdC <\/strong>que tendr\u00e1 lugar en el Centro de Encuentros de <strong>Ottmaring, en Baviera<\/strong>, del <strong>24 al 26 de junio de 2011<\/strong>.  M\u00e1s informaci\u00f3n sobre el evento <a href=\"http:\/\/www.edc-online.org\/es\/inicio\/eventos-internacionales\/1486-norimberga-crescere-portando-avanti-lazienda-con-i-valori-cristiani.html\"><strong>aqu\u00ed<\/strong><\/a>  <strong> <\/strong><\/p>\n","protected":false},"excerpt":{"rendered":"<p>Las dos ciudades europeas celebraron importantes eventos dedicados a la Econom\u00eda de Comuni\u00f3n. Referimos en s\u00edntesis las principales novedades.<\/p>\n","protected":false},"author":34,"featured_media":0,"comment_status":"open","ping_status":"open","sticky":false,"template":"","format":"standard","meta":{"give_campaign_id":0,"_seopress_robots_primary_cat":"","_seopress_titles_title":"","_seopress_titles_desc":"","_seopress_robots_index":"","_et_pb_use_builder":"","_et_pb_old_content":"","_et_gb_content_width":"","footnotes":""},"categories":[904],"tags":[],"class_list":["post-295052","post","type-post","status-publish","format-standard","hentry","category-focolare-worldwide-2-2"],"_links":{"self":[{"href":"https:\/\/www.focolare.org\/es\/wp-json\/wp\/v2\/posts\/295052","targetHints":{"allow":["GET"]}}],"collection":[{"href":"https:\/\/www.focolare.org\/es\/wp-json\/wp\/v2\/posts"}],"about":[{"href":"https:\/\/www.focolare.org\/es\/wp-json\/wp\/v2\/types\/post"}],"author":[{"embeddable":true,"href":"https:\/\/www.focolare.org\/es\/wp-json\/wp\/v2\/users\/34"}],"replies":[{"embeddable":true,"href":"https:\/\/www.focolare.org\/es\/wp-json\/wp\/v2\/comments?post=295052"}],"version-history":[{"count":0,"href":"https:\/\/www.focolare.org\/es\/wp-json\/wp\/v2\/posts\/295052\/revisions"}],"wp:attachment":[{"href":"https:\/\/www.focolare.org\/es\/wp-json\/wp\/v2\/media?parent=295052"}],"wp:term":[{"taxonomy":"category","embeddable":true,"href":"https:\/\/www.focolare.org\/es\/wp-json\/wp\/v2\/categories?post=295052"},{"taxonomy":"post_tag","embeddable":true,"href":"https:\/\/www.focolare.org\/es\/wp-json\/wp\/v2\/tags?post=295052"}],"curies":[{"name":"wp","href":"https:\/\/api.w.org\/{rel}","templated":true}]}}